{"id":1039,"date":"2023-08-30T13:12:45","date_gmt":"2023-08-30T13:12:45","guid":{"rendered":"https:\/\/feb.si\/me\/?p=1039"},"modified":"2023-08-30T13:12:45","modified_gmt":"2023-08-30T13:12:45","slug":"slovenija-i-crna-gora-ce-nabaviti-nove-dronove-za-zajednicko-osmatranje-iz-zraka","status":"publish","type":"post","link":"https:\/\/feb.si\/me\/blog\/2023\/08\/30\/slovenija-i-crna-gora-ce-nabaviti-nove-dronove-za-zajednicko-osmatranje-iz-zraka\/","title":{"rendered":"Slovenija i Crna Gora \u0107e nabaviti nove dronove za zajedni\u010dko osmatranje iz zraka"},"content":{"rendered":"\n\n\n<p>Slovenija i Crna Gora dogovorile su zajedni\u010dku nabavku bespilotnih vazdu\u0161nih sistema Belin i dalju saradnju u oblasti vazdu\u0161nog osmatranja. Na osnovu sporazuma koji su danas potpisali dr\u017eavni sekretari ministarstava odbrane Slovenije i Crne Gore Damir \u010crn\u010dec i Krsto Perovi\u0107, zemlje \u0107e, pored bespilotnih letjelica, nabaviti i prate\u0107u opremu proizvo\u0111a\u010da C-Astral.<\/p>\n\n\n\n<p>Izvor: N1<\/p>\n","protected":false},"excerpt":{"rendered":"<p>Slovenija i Crna Gora dogovorile su zajedni\u010dku nabavku bespilotnih vazdu\u0161nih sistema Belin i dalju saradnju u oblasti vazdu\u0161nog osmatranja. Na osnovu sporazuma koji su danas potpisali dr\u017eavni sekretari ministarstava odbrane Slovenije i Crne Gore Damir \u010crn\u010dec i Krsto Perovi\u0107, zemlje \u0107e, pored bespilotnih letjelica, nabaviti i prate\u0107u opremu proizvo\u0111a\u010da C-Astral. Izvor: N1<\/p>\n","protected":false},"author":2,"featured_media":0,"comment_status":"open","ping_status":"open","sticky":false,"template":"","format":"standard","meta":{"footnotes":""},"categories":[3],"tags":[],"class_list":["post-1039","post","type-post","status-publish","format-standard","hentry","category-aktuelno"],"_links":{"self":[{"href":"https:\/\/feb.si\/me\/wp-json\/wp\/v2\/posts\/1039"}],"collection":[{"href":"https:\/\/feb.si\/me\/wp-json\/wp\/v2\/posts"}],"about":[{"href":"https:\/\/feb.si\/me\/wp-json\/wp\/v2\/types\/post"}],"author":[{"embeddable":true,"href":"https:\/\/feb.si\/me\/wp-json\/wp\/v2\/users\/2"}],"replies":[{"embeddable":true,"href":"https:\/\/feb.si\/me\/wp-json\/wp\/v2\/comments?post=1039"}],"version-history":[{"count":1,"href":"https:\/\/feb.si\/me\/wp-json\/wp\/v2\/posts\/1039\/revisions"}],"predecessor-version":[{"id":1040,"href":"https:\/\/feb.si\/me\/wp-json\/wp\/v2\/posts\/1039\/revisions\/1040"}],"wp:attachment":[{"href":"https:\/\/feb.si\/me\/wp-json\/wp\/v2\/media?parent=1039"}],"wp:term":[{"taxonomy":"category","embeddable":true,"href":"https:\/\/feb.si\/me\/wp-json\/wp\/v2\/categories?post=1039"},{"taxonomy":"post_tag","embeddable":true,"href":"https:\/\/feb.si\/me\/wp-json\/wp\/v2\/tags?post=1039"}],"curies":[{"name":"wp","href":"https:\/\/api.w.org\/{rel}","templated":true}]}}