{"id":1150,"date":"2023-09-20T07:13:47","date_gmt":"2023-09-20T07:13:47","guid":{"rendered":"https:\/\/feb.si\/me\/?p=1150"},"modified":"2023-09-20T07:13:47","modified_gmt":"2023-09-20T07:13:47","slug":"kosovo-i-srbija-mogu-da-izgube-priliku-za-napredak-na-evropskom-putu","status":"publish","type":"post","link":"https:\/\/feb.si\/me\/blog\/2023\/09\/20\/kosovo-i-srbija-mogu-da-izgube-priliku-za-napredak-na-evropskom-putu\/","title":{"rendered":"&#8222;Kosovo i Srbija mogu da izgube priliku za napredak na evropskom putu&#8220;"},"content":{"rendered":"\n\n\n<p>Evropska unija je zabrinuta jer Beograd i Pri\u0161tina ne sprovode svoje obaveze iz sporazuma na putu normalizacije odnosa i jer nema napretka u popu\u0161tanju tenzija na sjeveru Kosova, izjavio je ju\u010de visoki predstavnik EU za spoljnu politiku i bezbednost \u017dozep Borel. On je upozorio da bi obije strane mogle izgubiti priliku za napredovanje na svojem evropskom putu.<\/p>\n\n\n\n<p>On je najavio da mjere EU protiv Kosova ostaju na snazi, uklju\u010duju\u0107i suspenziju politi\u010dkih kontakata na visokom nivou. EU je spremna da ih ukine u slu\u010daju napretka i razmotri\u0107e dalje mjere za obije strane ako bude potrebno.<\/p>\n\n\n\n<p>Izvor: N1\/Sta<\/p>\n\n\n\n<p><\/p>\n","protected":false},"excerpt":{"rendered":"<p>Evropska unija je zabrinuta jer Beograd i Pri\u0161tina ne sprovode svoje obaveze iz sporazuma na putu normalizacije odnosa i jer nema napretka u popu\u0161tanju tenzija na sjeveru Kosova, izjavio je ju\u010de visoki predstavnik EU za spoljnu politiku i bezbednost \u017dozep Borel. On je upozorio da bi obije strane mogle izgubiti priliku za napredovanje na svojem&#8230;<\/p>\n","protected":false},"author":2,"featured_media":0,"comment_status":"open","ping_status":"open","sticky":false,"template":"","format":"standard","meta":{"footnotes":""},"categories":[3],"tags":[],"class_list":["post-1150","post","type-post","status-publish","format-standard","hentry","category-aktuelno"],"_links":{"self":[{"href":"https:\/\/feb.si\/me\/wp-json\/wp\/v2\/posts\/1150"}],"collection":[{"href":"https:\/\/feb.si\/me\/wp-json\/wp\/v2\/posts"}],"about":[{"href":"https:\/\/feb.si\/me\/wp-json\/wp\/v2\/types\/post"}],"author":[{"embeddable":true,"href":"https:\/\/feb.si\/me\/wp-json\/wp\/v2\/users\/2"}],"replies":[{"embeddable":true,"href":"https:\/\/feb.si\/me\/wp-json\/wp\/v2\/comments?post=1150"}],"version-history":[{"count":1,"href":"https:\/\/feb.si\/me\/wp-json\/wp\/v2\/posts\/1150\/revisions"}],"predecessor-version":[{"id":1151,"href":"https:\/\/feb.si\/me\/wp-json\/wp\/v2\/posts\/1150\/revisions\/1151"}],"wp:attachment":[{"href":"https:\/\/feb.si\/me\/wp-json\/wp\/v2\/media?parent=1150"}],"wp:term":[{"taxonomy":"category","embeddable":true,"href":"https:\/\/feb.si\/me\/wp-json\/wp\/v2\/categories?post=1150"},{"taxonomy":"post_tag","embeddable":true,"href":"https:\/\/feb.si\/me\/wp-json\/wp\/v2\/tags?post=1150"}],"curies":[{"name":"wp","href":"https:\/\/api.w.org\/{rel}","templated":true}]}}