{"id":1154,"date":"2023-09-22T08:08:19","date_gmt":"2023-09-22T08:08:19","guid":{"rendered":"https:\/\/feb.si\/me\/?p=1154"},"modified":"2023-09-22T08:10:50","modified_gmt":"2023-09-22T08:10:50","slug":"specijalna-misija-nato-a-pocinje-rutinske-vezbe-na-kosovu","status":"publish","type":"post","link":"https:\/\/feb.si\/me\/blog\/2023\/09\/22\/specijalna-misija-nato-a-pocinje-rutinske-vezbe-na-kosovu\/","title":{"rendered":"Specijalna misija NATO-a po\u010dinje rutinske ve\u017ebe na Kosovu"},"content":{"rendered":"\n\n\n<p>Misija NATO-a na Kosovu, Kfor, saop\u0161tila je da po\u010dinje vje\u017ebu pod nazivom <em>Robusni ram<\/em> na sjeveroistoku Kosova, koja \u0107e trajati do srijede. Svrha vje\u017ebe je provjera operativne spremnosti pripadnika Kfora za izvo\u0111enje operacija u vezi sa slobodom kretanja lokalnog stanovni\u0161tva.<\/p>\n\n\n\n<p>Kfor isti\u010de da sprovodi rutinske vje\u017ebe kako bi obezbjedio pravovremeni odgovor kad god bi to bilo potrebno, prenosi srpska novinska agencija Tanjug. <\/p>\n\n\n\n<p>Tenzije na Kosovu su se donekle smirile, ali EU i dalje o\u010dekuje puno vi\u0161e od Srbije i Kosova.<\/p>\n\n\n\n<p>Izvor: Tanjug<\/p>\n","protected":false},"excerpt":{"rendered":"<p>Misija NATO-a na Kosovu, Kfor, saop\u0161tila je da po\u010dinje vje\u017ebu pod nazivom Robusni ram na sjeveroistoku Kosova, koja \u0107e trajati do srijede. Svrha vje\u017ebe je provjera operativne spremnosti pripadnika Kfora za izvo\u0111enje operacija u vezi sa slobodom kretanja lokalnog stanovni\u0161tva. Kfor isti\u010de da sprovodi rutinske vje\u017ebe kako bi obezbjedio pravovremeni odgovor kad god bi to&#8230;<\/p>\n","protected":false},"author":2,"featured_media":0,"comment_status":"open","ping_status":"open","sticky":false,"template":"","format":"standard","meta":{"footnotes":""},"categories":[3],"tags":[],"class_list":["post-1154","post","type-post","status-publish","format-standard","hentry","category-aktuelno"],"_links":{"self":[{"href":"https:\/\/feb.si\/me\/wp-json\/wp\/v2\/posts\/1154"}],"collection":[{"href":"https:\/\/feb.si\/me\/wp-json\/wp\/v2\/posts"}],"about":[{"href":"https:\/\/feb.si\/me\/wp-json\/wp\/v2\/types\/post"}],"author":[{"embeddable":true,"href":"https:\/\/feb.si\/me\/wp-json\/wp\/v2\/users\/2"}],"replies":[{"embeddable":true,"href":"https:\/\/feb.si\/me\/wp-json\/wp\/v2\/comments?post=1154"}],"version-history":[{"count":5,"href":"https:\/\/feb.si\/me\/wp-json\/wp\/v2\/posts\/1154\/revisions"}],"predecessor-version":[{"id":1159,"href":"https:\/\/feb.si\/me\/wp-json\/wp\/v2\/posts\/1154\/revisions\/1159"}],"wp:attachment":[{"href":"https:\/\/feb.si\/me\/wp-json\/wp\/v2\/media?parent=1154"}],"wp:term":[{"taxonomy":"category","embeddable":true,"href":"https:\/\/feb.si\/me\/wp-json\/wp\/v2\/categories?post=1154"},{"taxonomy":"post_tag","embeddable":true,"href":"https:\/\/feb.si\/me\/wp-json\/wp\/v2\/tags?post=1154"}],"curies":[{"name":"wp","href":"https:\/\/api.w.org\/{rel}","templated":true}]}}