{"id":1160,"date":"2023-09-24T18:43:08","date_gmt":"2023-09-24T18:43:08","guid":{"rendered":"https:\/\/feb.si\/me\/?p=1160"},"modified":"2023-09-24T18:43:08","modified_gmt":"2023-09-24T18:43:08","slug":"eskalacija-na-kosovu-trojica-napadaca-ubijena-u-sukobima-sa-policijom","status":"publish","type":"post","link":"https:\/\/feb.si\/me\/blog\/2023\/09\/24\/eskalacija-na-kosovu-trojica-napadaca-ubijena-u-sukobima-sa-policijom\/","title":{"rendered":"Eskalacija na Kosovu: trojica napada\u010da ubijena u sukobima sa policijom"},"content":{"rendered":"\n\n\n<p>Ne\u0161to pre tri sata ujutru ponovo se dogodio veoma ozbiljan incident u naselju Banjska na sjeveru Kosova, gdje \u017eive uglavnom Srbi. Sumnja se da se incident nije dogodio slu\u010dajno, ve\u0107 da je bio dobro isplaniran, pa \u010dak i zasijeda za kosovsku policiju. U pucnjavi je poginuo jedan kosovski policajac, a jedan je te\u0161ko ranjen, tri napada\u010da su ubijena, prenose srpski mediji. <br>KFOR patrolira podru\u010djem uz poja\u010dano prisustvo. \u0160ta se ta\u010dno dogodilo u Banjskoj jo\u0161 nije poznato, ali izvje\u0161taji sa terena govore da je u manastiru zarobljeno 40 ljudi, da su u njega u\u0161li i napada\u010di, a da se dobar dio dana \u010dula pucnjava.<\/p>\n\n\n\n<p>Kako je saop\u0161teno putem dru\u0161tvene mre\u017ee X, Kfor i dalje pomno prati situaciju u Banjskoj, jedinice su prisutne na tom podru\u010dju i spremne su da reaguju ukoliko bude potrebno.<\/p>\n\n\n\n<p>Izvor: N1<br>\u200b<\/p>\n","protected":false},"excerpt":{"rendered":"<p>Ne\u0161to pre tri sata ujutru ponovo se dogodio veoma ozbiljan incident u naselju Banjska na sjeveru Kosova, gdje \u017eive uglavnom Srbi. Sumnja se da se incident nije dogodio slu\u010dajno, ve\u0107 da je bio dobro isplaniran, pa \u010dak i zasijeda za kosovsku policiju. U pucnjavi je poginuo jedan kosovski policajac, a jedan je te\u0161ko ranjen, tri&#8230;<\/p>\n","protected":false},"author":2,"featured_media":0,"comment_status":"open","ping_status":"open","sticky":false,"template":"","format":"standard","meta":{"footnotes":""},"categories":[3],"tags":[],"class_list":["post-1160","post","type-post","status-publish","format-standard","hentry","category-aktuelno"],"_links":{"self":[{"href":"https:\/\/feb.si\/me\/wp-json\/wp\/v2\/posts\/1160"}],"collection":[{"href":"https:\/\/feb.si\/me\/wp-json\/wp\/v2\/posts"}],"about":[{"href":"https:\/\/feb.si\/me\/wp-json\/wp\/v2\/types\/post"}],"author":[{"embeddable":true,"href":"https:\/\/feb.si\/me\/wp-json\/wp\/v2\/users\/2"}],"replies":[{"embeddable":true,"href":"https:\/\/feb.si\/me\/wp-json\/wp\/v2\/comments?post=1160"}],"version-history":[{"count":1,"href":"https:\/\/feb.si\/me\/wp-json\/wp\/v2\/posts\/1160\/revisions"}],"predecessor-version":[{"id":1161,"href":"https:\/\/feb.si\/me\/wp-json\/wp\/v2\/posts\/1160\/revisions\/1161"}],"wp:attachment":[{"href":"https:\/\/feb.si\/me\/wp-json\/wp\/v2\/media?parent=1160"}],"wp:term":[{"taxonomy":"category","embeddable":true,"href":"https:\/\/feb.si\/me\/wp-json\/wp\/v2\/categories?post=1160"},{"taxonomy":"post_tag","embeddable":true,"href":"https:\/\/feb.si\/me\/wp-json\/wp\/v2\/tags?post=1160"}],"curies":[{"name":"wp","href":"https:\/\/api.w.org\/{rel}","templated":true}]}}