{"id":1172,"date":"2023-09-26T07:58:42","date_gmt":"2023-09-26T07:58:42","guid":{"rendered":"https:\/\/feb.si\/me\/?p=1172"},"modified":"2023-09-26T08:18:10","modified_gmt":"2023-09-26T08:18:10","slug":"1172","status":"publish","type":"post","link":"https:\/\/feb.si\/me\/blog\/2023\/09\/26\/1172\/","title":{"rendered":"Hrvatski premijer Plenkovi\u0107: \u201cNa granici sa BiH ne\u0107e biti \u017ei\u010dane ograde\u201d"},"content":{"rendered":"\n\n\n<p>Hrvatski premijer Andrej Plenkovi\u0107 je ju\u010de odbacio mogu\u0107nost postavljanja \u017ei\u010dane ograde na granici sa Bosnom i Hercegovinom. Pro\u0161le sedmice, krajnje desni\u010darska hrvatska suverenisti\u010dka stranka apelovala je da se postavi ograda na granici sa BiH i Srbijom zbog sve ve\u0107eg priliva ilegalnih migranata.<\/p>\n\n\n\n<p>Plenkovi\u0107 je rekao da Srbija i Bosna i Hercegovina moraju da usklade vizni re\u017eim sa viznom politikom Evropske unije, a pitanje ilegalnih migracija mora biti rije\u0161eno prvenstveno na granicama Gr\u010dke i Bugarske sa Turskom.<\/p>\n\n\n\n<p>Izvor: N1<br>\u200b<\/p>\n","protected":false},"excerpt":{"rendered":"<p>Hrvatski premijer Andrej Plenkovi\u0107 je ju\u010de odbacio mogu\u0107nost postavljanja \u017ei\u010dane ograde na granici sa Bosnom i Hercegovinom. Pro\u0161le sedmice, krajnje desni\u010darska hrvatska suverenisti\u010dka stranka apelovala je da se postavi ograda na granici sa BiH i Srbijom zbog sve ve\u0107eg priliva ilegalnih migranata. Plenkovi\u0107 je rekao da Srbija i Bosna i Hercegovina moraju da usklade vizni&#8230;<\/p>\n","protected":false},"author":2,"featured_media":0,"comment_status":"open","ping_status":"open","sticky":false,"template":"","format":"standard","meta":{"footnotes":""},"categories":[3],"tags":[],"class_list":["post-1172","post","type-post","status-publish","format-standard","hentry","category-aktuelno"],"_links":{"self":[{"href":"https:\/\/feb.si\/me\/wp-json\/wp\/v2\/posts\/1172"}],"collection":[{"href":"https:\/\/feb.si\/me\/wp-json\/wp\/v2\/posts"}],"about":[{"href":"https:\/\/feb.si\/me\/wp-json\/wp\/v2\/types\/post"}],"author":[{"embeddable":true,"href":"https:\/\/feb.si\/me\/wp-json\/wp\/v2\/users\/2"}],"replies":[{"embeddable":true,"href":"https:\/\/feb.si\/me\/wp-json\/wp\/v2\/comments?post=1172"}],"version-history":[{"count":2,"href":"https:\/\/feb.si\/me\/wp-json\/wp\/v2\/posts\/1172\/revisions"}],"predecessor-version":[{"id":1175,"href":"https:\/\/feb.si\/me\/wp-json\/wp\/v2\/posts\/1172\/revisions\/1175"}],"wp:attachment":[{"href":"https:\/\/feb.si\/me\/wp-json\/wp\/v2\/media?parent=1172"}],"wp:term":[{"taxonomy":"category","embeddable":true,"href":"https:\/\/feb.si\/me\/wp-json\/wp\/v2\/categories?post=1172"},{"taxonomy":"post_tag","embeddable":true,"href":"https:\/\/feb.si\/me\/wp-json\/wp\/v2\/tags?post=1172"}],"curies":[{"name":"wp","href":"https:\/\/api.w.org\/{rel}","templated":true}]}}