{"id":1184,"date":"2023-09-27T13:25:49","date_gmt":"2023-09-27T13:25:49","guid":{"rendered":"https:\/\/feb.si\/me\/?p=1184"},"modified":"2024-03-22T10:11:33","modified_gmt":"2024-03-22T10:11:33","slug":"forum-za-evropski-balkan-poceo-seriju-sastanaka-sa-privrednicima-iz-regiona","status":"publish","type":"post","link":"https:\/\/feb.si\/me\/blog\/2023\/09\/27\/forum-za-evropski-balkan-poceo-seriju-sastanaka-sa-privrednicima-iz-regiona\/","title":{"rendered":"Forum za evropski Balkan po\u010deo seriju sastanaka sa privrednicima iz regiona"},"content":{"rendered":"\n\n\n<p>\u201cZajedni\u010dki prostor Zapadnog Balkana ima natprosje\u010dan razvojni potencijal, zato je va\u017eno da se pove\u017eemo i podijelimo iskustva i znanja. Pribli\u017eavanje ovog regiona Evropskoj uniji je ne\u0161to \u0161to \u0107e mu omogu\u0107iti ogroman rast i olak\u0161ati poslovanje, stoga podr\u017eavamo ideje Foruma za evropski Balkan i \u017eelimo blisku saradnju\u201c \u2013 rekao je Andrej Mesojedec, vlasnik i direktor kompanije Plastika, tokom posjete FEB-u.<\/p>\n\n\n\n<p>Biznismen, koji na balkanskim tr\u017ei\u0161tima posluje vi\u0161e od 35 godina, istakao je da granica EU, od Hrvatske prema istoku, ote\u017eava poslovanje i ugro\u017eava konkurentnost kompanija iz EU u ovim zemljama koje \u010dine zajedni\u010dki ekonomski prostor.  <\/p>\n\n\n\n<p>Forum za evropski Balkan, koji djeluje kao  think-thank organizacija, \u017eeli da region sa 20 miliona stanovnika \u0161to prije razvije evropske standarde i zaustavi migraciju mladih.<\/p>\n\n\n\n<figure class=\"wp-block-gallery has-nested-images columns-default is-cropped wp-block-gallery-1 is-layout-flex wp-block-gallery-is-layout-flex\">\n<figure class=\"wp-block-image size-large\"><img loading=\"lazy\" decoding=\"async\" width=\"640\" height=\"480\" data-id=\"1185\" src=\"https:\/\/feb.si\/me\/wp-content\/uploads\/sites\/2\/2023\/09\/IMG_6607-rotated.jpg\" alt=\"\" class=\"wp-image-1185\" srcset=\"https:\/\/feb.si\/me\/wp-content\/uploads\/sites\/2\/2023\/09\/IMG_6607-rotated.jpg 640w, https:\/\/feb.si\/me\/wp-content\/uploads\/sites\/2\/2023\/09\/IMG_6607-300x225.jpg 300w\" sizes=\"(max-width: 640px) 100vw, 640px\" \/><figcaption class=\"wp-element-caption\">Na fotografiji: Direktorica Foruma za evropski Balkan Sanja Rubini\u0107 i vlasnik preduze\u0107a Plastika<\/figcaption><\/figure>\n<\/figure>\n\n\n\n<p>Posjetom gospodina Mesojedeca, FEB je zapo\u010deo jesenji ciklus aktivnosti, \u010dija je svrha iznala\u017eenje mogu\u0107nosti za bli\u017eu ekonomsku saradnju i istovremeno integraciju Zapadnog Balkana u EU.<\/p>\n","protected":false},"excerpt":{"rendered":"<p>\u201cZajedni\u010dki prostor Zapadnog Balkana ima natprosje\u010dan razvojni potencijal, zato je va\u017eno da se pove\u017eemo i podijelimo iskustva i znanja. Pribli\u017eavanje ovog regiona Evropskoj uniji je ne\u0161to \u0161to \u0107e mu omogu\u0107iti ogroman rast i olak\u0161ati poslovanje, stoga podr\u017eavamo ideje Foruma za evropski Balkan i \u017eelimo blisku saradnju\u201c \u2013 rekao je Andrej Mesojedec, vlasnik i direktor kompanije&#8230;<\/p>\n","protected":false},"author":2,"featured_media":1185,"comment_status":"open","ping_status":"open","sticky":false,"template":"","format":"standard","meta":{"footnotes":""},"categories":[9],"tags":[],"class_list":["post-1184","post","type-post","status-publish","format-standard","has-post-thumbnail","hentry","category-dogadaji"],"_links":{"self":[{"href":"https:\/\/feb.si\/me\/wp-json\/wp\/v2\/posts\/1184"}],"collection":[{"href":"https:\/\/feb.si\/me\/wp-json\/wp\/v2\/posts"}],"about":[{"href":"https:\/\/feb.si\/me\/wp-json\/wp\/v2\/types\/post"}],"author":[{"embeddable":true,"href":"https:\/\/feb.si\/me\/wp-json\/wp\/v2\/users\/2"}],"replies":[{"embeddable":true,"href":"https:\/\/feb.si\/me\/wp-json\/wp\/v2\/comments?post=1184"}],"version-history":[{"count":6,"href":"https:\/\/feb.si\/me\/wp-json\/wp\/v2\/posts\/1184\/revisions"}],"predecessor-version":[{"id":1191,"href":"https:\/\/feb.si\/me\/wp-json\/wp\/v2\/posts\/1184\/revisions\/1191"}],"wp:featuredmedia":[{"embeddable":true,"href":"https:\/\/feb.si\/me\/wp-json\/wp\/v2\/media\/1185"}],"wp:attachment":[{"href":"https:\/\/feb.si\/me\/wp-json\/wp\/v2\/media?parent=1184"}],"wp:term":[{"taxonomy":"category","embeddable":true,"href":"https:\/\/feb.si\/me\/wp-json\/wp\/v2\/categories?post=1184"},{"taxonomy":"post_tag","embeddable":true,"href":"https:\/\/feb.si\/me\/wp-json\/wp\/v2\/tags?post=1184"}],"curies":[{"name":"wp","href":"https:\/\/api.w.org\/{rel}","templated":true}]}}