{"id":1192,"date":"2023-09-28T08:00:21","date_gmt":"2023-09-28T08:00:21","guid":{"rendered":"https:\/\/feb.si\/me\/?p=1192"},"modified":"2023-09-28T08:03:53","modified_gmt":"2023-09-28T08:03:53","slug":"ministri-vanjskih-poslova-zemalja-c5-o-prosirenju-eu-na-zapadni-balkan","status":"publish","type":"post","link":"https:\/\/feb.si\/me\/blog\/2023\/09\/28\/ministri-vanjskih-poslova-zemalja-c5-o-prosirenju-eu-na-zapadni-balkan\/","title":{"rendered":"Ministri spoljnih poslova zemalja C5 o pro\u0161irenju EU na zapadni Balkan"},"content":{"rendered":"\n\n\n<p>Ministri spoljnih poslova Slovenije, Austrije, \u010ce\u0161ke, Slova\u010dke i Ma\u0111arske su se u Be\u010du zalo\u017eili za ubrzanje pro\u0161irenja EU na zapadni Balkan.<\/p>\n\n\n\n<p>Kako je rekao austrijski ministar spoljnih poslova Alexander Schallenberg, ministri imaju zajedni\u010dki pristup zapadnom Balkanu i \u017eele da te zemlje vide \u0161to prije u EU. \u201cVjerujemo da evropske integracije nisu potpune bez njih. Bilo koji problem koji se tamo pojavi, problem je i za nas\u201d, rekao je Schallenberg.<\/p>\n\n\n\n<p>Stoga je, prema njegovim rije\u010dima, najbolji pristup ubrzati pristupni proces, u\u010diniti ga realnim kroz postupnu integraciju zemalja, pri \u010demu, kako je rekao, pet ministara ima puno zajedni\u010dkih ideja i prijedloga.<\/p>\n\n\n\n<p>Slovena\u010dka ministarka spoljnih poslova Tanja Fajon je izrazila zadovoljstvo \u0161to ministri imaju zajedni\u010dki pristup zapadnom Balkanu kada je rije\u010d o ubrzanju procesa pro\u0161irenja. Pritom je podsjetila na dogovor sa Bleda predsjednika Europskog vije\u0107a Charlesa Michela o potrebi EU i zemalja zapadnog Balkana da budu spremne za pro\u0161irenje do 2030. Pritom je izrazila bojazan da bi z novim nestabilnostima rizikovali nove napetosti ili sukobe u regiji. <\/p>\n\n\n\n<p>Izvor: N1\/STA<\/p>\n","protected":false},"excerpt":{"rendered":"<p>Ministri spoljnih poslova Slovenije, Austrije, \u010ce\u0161ke, Slova\u010dke i Ma\u0111arske su se u Be\u010du zalo\u017eili za ubrzanje pro\u0161irenja EU na zapadni Balkan. Kako je rekao austrijski ministar spoljnih poslova Alexander Schallenberg, ministri imaju zajedni\u010dki pristup zapadnom Balkanu i \u017eele da te zemlje vide \u0161to prije u EU. \u201cVjerujemo da evropske integracije nisu potpune bez njih. Bilo&#8230;<\/p>\n","protected":false},"author":2,"featured_media":0,"comment_status":"open","ping_status":"open","sticky":false,"template":"","format":"standard","meta":{"footnotes":""},"categories":[3],"tags":[],"class_list":["post-1192","post","type-post","status-publish","format-standard","hentry","category-aktuelno"],"_links":{"self":[{"href":"https:\/\/feb.si\/me\/wp-json\/wp\/v2\/posts\/1192"}],"collection":[{"href":"https:\/\/feb.si\/me\/wp-json\/wp\/v2\/posts"}],"about":[{"href":"https:\/\/feb.si\/me\/wp-json\/wp\/v2\/types\/post"}],"author":[{"embeddable":true,"href":"https:\/\/feb.si\/me\/wp-json\/wp\/v2\/users\/2"}],"replies":[{"embeddable":true,"href":"https:\/\/feb.si\/me\/wp-json\/wp\/v2\/comments?post=1192"}],"version-history":[{"count":5,"href":"https:\/\/feb.si\/me\/wp-json\/wp\/v2\/posts\/1192\/revisions"}],"predecessor-version":[{"id":1198,"href":"https:\/\/feb.si\/me\/wp-json\/wp\/v2\/posts\/1192\/revisions\/1198"}],"wp:attachment":[{"href":"https:\/\/feb.si\/me\/wp-json\/wp\/v2\/media?parent=1192"}],"wp:term":[{"taxonomy":"category","embeddable":true,"href":"https:\/\/feb.si\/me\/wp-json\/wp\/v2\/categories?post=1192"},{"taxonomy":"post_tag","embeddable":true,"href":"https:\/\/feb.si\/me\/wp-json\/wp\/v2\/tags?post=1192"}],"curies":[{"name":"wp","href":"https:\/\/api.w.org\/{rel}","templated":true}]}}