{"id":1200,"date":"2023-10-02T05:11:48","date_gmt":"2023-10-02T05:11:48","guid":{"rendered":"https:\/\/feb.si\/me\/?p=1200"},"modified":"2023-10-02T13:05:57","modified_gmt":"2023-10-02T13:05:57","slug":"vucic-najavio-povlacenje-srpskih-snaga-s-granice-s-kosovom-srbija-ne-zeli-rat","status":"publish","type":"post","link":"https:\/\/feb.si\/me\/blog\/2023\/10\/02\/vucic-najavio-povlacenje-srpskih-snaga-s-granice-s-kosovom-srbija-ne-zeli-rat\/","title":{"rendered":"Vu\u010di\u0107 najavio povla\u010denje srpskih snaga s granice s Kosovom: &#8222;Srbija ne \u017eeli rat&#8220;"},"content":{"rendered":"\n\n\n<p>Srbijanski predsjednik Aleksandar Vu\u010di\u0107 najavio je povla\u010denje srpskih snaga s pograni\u010dnog podru\u010dja s Kosovom jer bi, kako je rekao, eskalacija sukoba bila kontraproduktivna kada je u pitanju \u017eelja Srbije da postane \u010dlanica Europske unije. Rekao je da je &#8222;\u010dista la\u017e&#8220; da Srbija \u0161alje vojsku na granicu s Kosovom.<\/p>\n\n\n\n<p>Bijela ku\u0107a je u petak saop\u0161tila da je detektovala okupljanje srpskih oru\u017eanih snaga na granici Kosova i pozvala Beograd da povu\u010de svoje trupe kako bi sprije\u010dila dalju destabilizaciju situacije. Sli\u010dan apel u subotu je uputio i visoki predstavnik EU za spoljne poslove Josep Borrell. On je okupljanje pripadnika srpske vojske na granici izme\u0111u Kosova i Srbije opisao kao veoma zabrinjavaju\u0107e i pozvao da se ono zaustavi.<\/p>\n\n\n\n<p>Izvor: N1<\/p>\n","protected":false},"excerpt":{"rendered":"<p>Srbijanski predsjednik Aleksandar Vu\u010di\u0107 najavio je povla\u010denje srpskih snaga s pograni\u010dnog podru\u010dja s Kosovom jer bi, kako je rekao, eskalacija sukoba bila kontraproduktivna kada je u pitanju \u017eelja Srbije da postane \u010dlanica Europske unije. Rekao je da je &#8222;\u010dista la\u017e&#8220; da Srbija \u0161alje vojsku na granicu s Kosovom. Bijela ku\u0107a je u petak saop\u0161tila da&#8230;<\/p>\n","protected":false},"author":2,"featured_media":0,"comment_status":"open","ping_status":"open","sticky":false,"template":"","format":"standard","meta":{"footnotes":""},"categories":[3],"tags":[],"class_list":["post-1200","post","type-post","status-publish","format-standard","hentry","category-aktuelno"],"_links":{"self":[{"href":"https:\/\/feb.si\/me\/wp-json\/wp\/v2\/posts\/1200"}],"collection":[{"href":"https:\/\/feb.si\/me\/wp-json\/wp\/v2\/posts"}],"about":[{"href":"https:\/\/feb.si\/me\/wp-json\/wp\/v2\/types\/post"}],"author":[{"embeddable":true,"href":"https:\/\/feb.si\/me\/wp-json\/wp\/v2\/users\/2"}],"replies":[{"embeddable":true,"href":"https:\/\/feb.si\/me\/wp-json\/wp\/v2\/comments?post=1200"}],"version-history":[{"count":2,"href":"https:\/\/feb.si\/me\/wp-json\/wp\/v2\/posts\/1200\/revisions"}],"predecessor-version":[{"id":1203,"href":"https:\/\/feb.si\/me\/wp-json\/wp\/v2\/posts\/1200\/revisions\/1203"}],"wp:attachment":[{"href":"https:\/\/feb.si\/me\/wp-json\/wp\/v2\/media?parent=1200"}],"wp:term":[{"taxonomy":"category","embeddable":true,"href":"https:\/\/feb.si\/me\/wp-json\/wp\/v2\/categories?post=1200"},{"taxonomy":"post_tag","embeddable":true,"href":"https:\/\/feb.si\/me\/wp-json\/wp\/v2\/tags?post=1200"}],"curies":[{"name":"wp","href":"https:\/\/api.w.org\/{rel}","templated":true}]}}