{"id":1213,"date":"2023-10-06T07:32:40","date_gmt":"2023-10-06T07:32:40","guid":{"rendered":"https:\/\/feb.si\/me\/?p=1213"},"modified":"2023-10-06T07:34:00","modified_gmt":"2023-10-06T07:34:00","slug":"posle-oruzanog-napada-na-kosovu-na-stolu-su-i-sankcije","status":"publish","type":"post","link":"https:\/\/feb.si\/me\/blog\/2023\/10\/06\/posle-oruzanog-napada-na-kosovu-na-stolu-su-i-sankcije\/","title":{"rendered":"Posle oru\u017eanog napada na Kosovu: na stolu su i sankcije"},"content":{"rendered":"\n\n\n<p>Kosovska predsjednica Vjosa Osmani je izjavila da \u0107e Kosovo da nastavi razgovore sa Srbijom samo ako budu usvojene sankcije Beogradu zbog nedavnog napada na sjeveru Kosova te da prije toga ne vidi razlog za sastanak.<\/p>\n\n\n\n<p>&#8222;<em>Prvo sankcije, a onda mo\u017eemo da pri\u010damo o ostalom<\/em>\u201d, rekao je Osmani po dolasku na sastanak Evropske politi\u010dke zajednice (EPS) u Granadi, kojem je prisustvovao i predsjednik Srbije Aleksandar Vu\u010di\u0107. Prije toga je na uvo\u0111enje sankcija pozvao i kosovski premijer Aljbin Kurti.<\/p>\n\n\n\n<p>Vu\u010di\u0107 se u Granadi zahvalio Madridu na podr\u0161ci po pitanju Kosova, jer \u0160panija, uz Gr\u010dku, Rumuniju, Kipar i Slova\u010dku, spada u grupu zemalja Evropske unije koje ne priznaju nezavisnost Kosova.<\/p>\n\n\n\n<p>Kosovo \u0107e biti tema razgovora na marginama samita EPS-a, koji je prvi me\u0111unarodni sastanak od teroristi\u010dkog napada i sukoba na sjeveru Kosova, koji su dodatno zao\u0161trili odnose Kosova i Srbije.<\/p>\n\n\n\n<p>Izvor: RTV SLO\/N1<\/p>\n","protected":false},"excerpt":{"rendered":"<p>Kosovska predsjednica Vjosa Osmani je izjavila da \u0107e Kosovo da nastavi razgovore sa Srbijom samo ako budu usvojene sankcije Beogradu zbog nedavnog napada na sjeveru Kosova te da prije toga ne vidi razlog za sastanak. &#8222;Prvo sankcije, a onda mo\u017eemo da pri\u010damo o ostalom\u201d, rekao je Osmani po dolasku na sastanak Evropske politi\u010dke zajednice (EPS)&#8230;<\/p>\n","protected":false},"author":2,"featured_media":0,"comment_status":"open","ping_status":"open","sticky":false,"template":"","format":"standard","meta":{"footnotes":""},"categories":[3],"tags":[],"class_list":["post-1213","post","type-post","status-publish","format-standard","hentry","category-aktuelno"],"_links":{"self":[{"href":"https:\/\/feb.si\/me\/wp-json\/wp\/v2\/posts\/1213"}],"collection":[{"href":"https:\/\/feb.si\/me\/wp-json\/wp\/v2\/posts"}],"about":[{"href":"https:\/\/feb.si\/me\/wp-json\/wp\/v2\/types\/post"}],"author":[{"embeddable":true,"href":"https:\/\/feb.si\/me\/wp-json\/wp\/v2\/users\/2"}],"replies":[{"embeddable":true,"href":"https:\/\/feb.si\/me\/wp-json\/wp\/v2\/comments?post=1213"}],"version-history":[{"count":3,"href":"https:\/\/feb.si\/me\/wp-json\/wp\/v2\/posts\/1213\/revisions"}],"predecessor-version":[{"id":1216,"href":"https:\/\/feb.si\/me\/wp-json\/wp\/v2\/posts\/1213\/revisions\/1216"}],"wp:attachment":[{"href":"https:\/\/feb.si\/me\/wp-json\/wp\/v2\/media?parent=1213"}],"wp:term":[{"taxonomy":"category","embeddable":true,"href":"https:\/\/feb.si\/me\/wp-json\/wp\/v2\/categories?post=1213"},{"taxonomy":"post_tag","embeddable":true,"href":"https:\/\/feb.si\/me\/wp-json\/wp\/v2\/tags?post=1213"}],"curies":[{"name":"wp","href":"https:\/\/api.w.org\/{rel}","templated":true}]}}