{"id":1235,"date":"2023-10-11T08:39:21","date_gmt":"2023-10-11T08:39:21","guid":{"rendered":"https:\/\/feb.si\/me\/?p=1235"},"modified":"2023-10-12T09:40:39","modified_gmt":"2023-10-12T09:40:39","slug":"slovenija-salje-dodatne-vojnike-na-kosovo-zapadni-balkan-je-nas-prioritet","status":"publish","type":"post","link":"https:\/\/feb.si\/me\/blog\/2023\/10\/11\/slovenija-salje-dodatne-vojnike-na-kosovo-zapadni-balkan-je-nas-prioritet\/","title":{"rendered":"Slovenija \u0161alje dodatne vojnike na Kosovo: &#8222;Zapadni Balkan je na\u0161 prioritet&#8220;"},"content":{"rendered":"\n\n\n<p>Prema rije\u010dima ministra odbrane Marjana \u0160arca, Slovenija pove\u0107ava broj vojnika u okviru NATO operacije na Kosovu, KFOR. Tamo se trenutno nalazi oko 90 pripadnika slovena\u010dke vojske, a njihov broj planiraju da pove\u0107aju na najmanje stotinu. <\/p>\n\n\n\n<p>Izvor: N1<\/p>\n","protected":false},"excerpt":{"rendered":"<p>Prema rije\u010dima ministra odbrane Marjana \u0160arca, Slovenija pove\u0107ava broj vojnika u okviru NATO operacije na Kosovu, KFOR. Tamo se trenutno nalazi oko 90 pripadnika slovena\u010dke vojske, a njihov broj planiraju da pove\u0107aju na najmanje stotinu. Izvor: N1<\/p>\n","protected":false},"author":2,"featured_media":0,"comment_status":"open","ping_status":"open","sticky":false,"template":"","format":"standard","meta":{"footnotes":""},"categories":[3],"tags":[],"class_list":["post-1235","post","type-post","status-publish","format-standard","hentry","category-aktuelno"],"_links":{"self":[{"href":"https:\/\/feb.si\/me\/wp-json\/wp\/v2\/posts\/1235"}],"collection":[{"href":"https:\/\/feb.si\/me\/wp-json\/wp\/v2\/posts"}],"about":[{"href":"https:\/\/feb.si\/me\/wp-json\/wp\/v2\/types\/post"}],"author":[{"embeddable":true,"href":"https:\/\/feb.si\/me\/wp-json\/wp\/v2\/users\/2"}],"replies":[{"embeddable":true,"href":"https:\/\/feb.si\/me\/wp-json\/wp\/v2\/comments?post=1235"}],"version-history":[{"count":4,"href":"https:\/\/feb.si\/me\/wp-json\/wp\/v2\/posts\/1235\/revisions"}],"predecessor-version":[{"id":1261,"href":"https:\/\/feb.si\/me\/wp-json\/wp\/v2\/posts\/1235\/revisions\/1261"}],"wp:attachment":[{"href":"https:\/\/feb.si\/me\/wp-json\/wp\/v2\/media?parent=1235"}],"wp:term":[{"taxonomy":"category","embeddable":true,"href":"https:\/\/feb.si\/me\/wp-json\/wp\/v2\/categories?post=1235"},{"taxonomy":"post_tag","embeddable":true,"href":"https:\/\/feb.si\/me\/wp-json\/wp\/v2\/tags?post=1235"}],"curies":[{"name":"wp","href":"https:\/\/api.w.org\/{rel}","templated":true}]}}