{"id":1264,"date":"2023-10-16T08:36:19","date_gmt":"2023-10-16T08:36:19","guid":{"rendered":"https:\/\/feb.si\/me\/?p=1264"},"modified":"2023-10-16T08:36:19","modified_gmt":"2023-10-16T08:36:19","slug":"na-berlinskom-procesu-o-priblizavanju-zapadnog-balkana-evropskoj-uniji","status":"publish","type":"post","link":"https:\/\/feb.si\/me\/blog\/2023\/10\/16\/na-berlinskom-procesu-o-priblizavanju-zapadnog-balkana-evropskoj-uniji\/","title":{"rendered":"Na Berlinskom procesu o pribli\u017eavanju Zapadnog Balkana Evropskoj uniji"},"content":{"rendered":"\n\n\n<p>U Tirani \u0107e biti odr\u017ean samit Berlinskog procesa, koji je prije devet godina inicirala tada\u0161nja njema\u010dka kancelarka Angela Merkel. Prvi put je doma\u0107in jedna od zemalja Zapadnog Balkana.<\/p>\n\n\n\n<p>Lideri deset \u010dlanica Unije i predstavnici evropskih institucija govori\u0107e o integraciji zemalja Zapadnog Balkana u jedinstveno tr\u017ei\u0161te 27 zemalja, o zelenoj i digitalnoj tranziciji, ali i o saradnji i odnosima izme\u0111u zemalja regiona -posebno izme\u0111u Srbije i Kosova.<\/p>\n\n\n\n<p>Srbiju i Kosovo \u0107e u Tirani predstavljati premijeri Ana Brnabi\u0107 i Aljbin Kurti. Njihov sastanak nije planiran, ali nije ni isklju\u010den, najavio je albanski premijer Rama, jedan od onih koji najglasnije podr\u017eava mjere prema Beogradu zbog doga\u0111aja u Banjskoj.<\/p>\n\n\n\n<p>Izvor: MMC<\/p>\n","protected":false},"excerpt":{"rendered":"<p>U Tirani \u0107e biti odr\u017ean samit Berlinskog procesa, koji je prije devet godina inicirala tada\u0161nja njema\u010dka kancelarka Angela Merkel. Prvi put je doma\u0107in jedna od zemalja Zapadnog Balkana. Lideri deset \u010dlanica Unije i predstavnici evropskih institucija govori\u0107e o integraciji zemalja Zapadnog Balkana u jedinstveno tr\u017ei\u0161te 27 zemalja, o zelenoj i digitalnoj tranziciji, ali i o&#8230;<\/p>\n","protected":false},"author":2,"featured_media":0,"comment_status":"open","ping_status":"open","sticky":false,"template":"","format":"standard","meta":{"footnotes":""},"categories":[3],"tags":[],"class_list":["post-1264","post","type-post","status-publish","format-standard","hentry","category-aktuelno"],"_links":{"self":[{"href":"https:\/\/feb.si\/me\/wp-json\/wp\/v2\/posts\/1264"}],"collection":[{"href":"https:\/\/feb.si\/me\/wp-json\/wp\/v2\/posts"}],"about":[{"href":"https:\/\/feb.si\/me\/wp-json\/wp\/v2\/types\/post"}],"author":[{"embeddable":true,"href":"https:\/\/feb.si\/me\/wp-json\/wp\/v2\/users\/2"}],"replies":[{"embeddable":true,"href":"https:\/\/feb.si\/me\/wp-json\/wp\/v2\/comments?post=1264"}],"version-history":[{"count":1,"href":"https:\/\/feb.si\/me\/wp-json\/wp\/v2\/posts\/1264\/revisions"}],"predecessor-version":[{"id":1265,"href":"https:\/\/feb.si\/me\/wp-json\/wp\/v2\/posts\/1264\/revisions\/1265"}],"wp:attachment":[{"href":"https:\/\/feb.si\/me\/wp-json\/wp\/v2\/media?parent=1264"}],"wp:term":[{"taxonomy":"category","embeddable":true,"href":"https:\/\/feb.si\/me\/wp-json\/wp\/v2\/categories?post=1264"},{"taxonomy":"post_tag","embeddable":true,"href":"https:\/\/feb.si\/me\/wp-json\/wp\/v2\/tags?post=1264"}],"curies":[{"name":"wp","href":"https:\/\/api.w.org\/{rel}","templated":true}]}}