{"id":1300,"date":"2023-10-20T17:17:05","date_gmt":"2023-10-20T17:17:05","guid":{"rendered":"https:\/\/feb.si\/me\/?p=1300"},"modified":"2023-10-20T17:18:36","modified_gmt":"2023-10-20T17:18:36","slug":"plenkovic-nadamo-se-da-ce-bosna-i-hercegovina-uskoro-sklopiti-sporazum-s-evropskom-agencijom-za-spoljne-granice","status":"publish","type":"post","link":"https:\/\/feb.si\/me\/blog\/2023\/10\/20\/plenkovic-nadamo-se-da-ce-bosna-i-hercegovina-uskoro-sklopiti-sporazum-s-evropskom-agencijom-za-spoljne-granice\/","title":{"rendered":"Plenkovi\u0107: Nadamo se da \u0107e Bosna i Hercegovina uskoro sklopiti sporazum s Evropskom agencijom za spoljne granice"},"content":{"rendered":"\n\n\n<p>Hrvatski premijer Andrej Plenkovi\u0107 je prilikom najave da \u0107e Slovenija uvesti kontrole na granici s Hrvatskom rekao da to nije novost te da takve kontrole ve\u0107 provodi devet zemalja Evropske unije. Dodao je, me\u0111utim, da je to privremena i ekstremna mjera te da se pri njenom uvo\u0111enju treba konsultovati sa susjednim zemljama.<\/p>\n\n\n\n<p>Ina\u010de, treba dodati da se kontrola unutra\u0161njih granica zemalja schengenskog prostora provodi i zbog migracijske krize. S tim u vezi, Plenkovi\u0107 je rekao da je klju\u010dno da se za\u0161tite spoljne granice EU-a. \u201cHrvatska \u0161titi spoljne granice i cilj nam je da BiH uskoro sklopi ugovor sa Evropskom agencijom za spoljne granice (Frontex) kako bismo pomogli u kontroli cijele situacije\u201d, dodao je.<\/p>\n","protected":false},"excerpt":{"rendered":"<p>Hrvatski premijer Andrej Plenkovi\u0107 je prilikom najave da \u0107e Slovenija uvesti kontrole na granici s Hrvatskom rekao da to nije novost te da takve kontrole ve\u0107 provodi devet zemalja Evropske unije. Dodao je, me\u0111utim, da je to privremena i ekstremna mjera te da se pri njenom uvo\u0111enju treba konsultovati sa susjednim zemljama. Ina\u010de, treba dodati&#8230;<\/p>\n","protected":false},"author":2,"featured_media":0,"comment_status":"open","ping_status":"open","sticky":false,"template":"","format":"standard","meta":{"footnotes":""},"categories":[3],"tags":[],"class_list":["post-1300","post","type-post","status-publish","format-standard","hentry","category-aktuelno"],"_links":{"self":[{"href":"https:\/\/feb.si\/me\/wp-json\/wp\/v2\/posts\/1300"}],"collection":[{"href":"https:\/\/feb.si\/me\/wp-json\/wp\/v2\/posts"}],"about":[{"href":"https:\/\/feb.si\/me\/wp-json\/wp\/v2\/types\/post"}],"author":[{"embeddable":true,"href":"https:\/\/feb.si\/me\/wp-json\/wp\/v2\/users\/2"}],"replies":[{"embeddable":true,"href":"https:\/\/feb.si\/me\/wp-json\/wp\/v2\/comments?post=1300"}],"version-history":[{"count":3,"href":"https:\/\/feb.si\/me\/wp-json\/wp\/v2\/posts\/1300\/revisions"}],"predecessor-version":[{"id":1303,"href":"https:\/\/feb.si\/me\/wp-json\/wp\/v2\/posts\/1300\/revisions\/1303"}],"wp:attachment":[{"href":"https:\/\/feb.si\/me\/wp-json\/wp\/v2\/media?parent=1300"}],"wp:term":[{"taxonomy":"category","embeddable":true,"href":"https:\/\/feb.si\/me\/wp-json\/wp\/v2\/categories?post=1300"},{"taxonomy":"post_tag","embeddable":true,"href":"https:\/\/feb.si\/me\/wp-json\/wp\/v2\/tags?post=1300"}],"curies":[{"name":"wp","href":"https:\/\/api.w.org\/{rel}","templated":true}]}}