{"id":1305,"date":"2023-10-23T04:41:41","date_gmt":"2023-10-23T04:41:41","guid":{"rendered":"https:\/\/feb.si\/me\/?p=1305"},"modified":"2023-10-23T04:43:51","modified_gmt":"2023-10-23T04:43:51","slug":"pristinu-i-beograd-posjetilo-pet-velikih-i-najjacih","status":"publish","type":"post","link":"https:\/\/feb.si\/me\/blog\/2023\/10\/23\/pristinu-i-beograd-posjetilo-pet-velikih-i-najjacih\/","title":{"rendered":"Pri\u0161tinu i Beograd posjetilo pet &#8222;velikih i najja\u010dih&#8220;"},"content":{"rendered":"\n\n\n<p>Posebni izaslanik EU Miroslav Laj\u010dak, ameri\u010dki izaslanik i predstavnici vlada Francuske, Njema\u010dke i Italije sastali su se u Pri\u0161tini s kosovskim premijerom Albinom Kurtijem. Zajedno su predstavili novi plan za nastavak dijaloga Beograda i Pri\u0161tine, no detalji o tome nisu poznati. Laj\u010dak je samo naglasio da dijalog nema alternative. Visoki gosti su se kasnije u Beogradu sastali sa srbijanskim predsjednikom Aleksandrom Vu\u010di\u0107em.<\/p>\n\n\n\n<p>Osim Laj\u010deka, u Pri\u0161tinu, kasnije i u Beograd su otputovali i savjetnici za sigurnost i spoljnu politiku francuskog predsjednika, njema\u010dke kancelarke i italijanskog premijera &#8211; Emmanuel Bonne, Jens Pl\u00f6tner i Francesca Marie Tala &#8211; te posebni ameri\u010dki izaslanik za zapadni Balkan Gabriel Escobar.<\/p>\n\n\n\n<p>Glasnogovornik Europske komisije Peter Stano ranije je istaknuo kako se posjetom \u017eeli posti\u0107i konkretan napredak u realizaciji sporazuma na putu normalizacije odnosa i smanjenju napetosti na sjeveru Kosova nakon oru\u017eanih sukoba 24. septembra u Banjskoj. <\/p>\n\n\n\n<p>Izvor: N1\/Sta<\/p>\n","protected":false},"excerpt":{"rendered":"<p>Posebni izaslanik EU Miroslav Laj\u010dak, ameri\u010dki izaslanik i predstavnici vlada Francuske, Njema\u010dke i Italije sastali su se u Pri\u0161tini s kosovskim premijerom Albinom Kurtijem. Zajedno su predstavili novi plan za nastavak dijaloga Beograda i Pri\u0161tine, no detalji o tome nisu poznati. Laj\u010dak je samo naglasio da dijalog nema alternative. Visoki gosti su se kasnije u&#8230;<\/p>\n","protected":false},"author":2,"featured_media":0,"comment_status":"open","ping_status":"open","sticky":false,"template":"","format":"standard","meta":{"footnotes":""},"categories":[3],"tags":[],"class_list":["post-1305","post","type-post","status-publish","format-standard","hentry","category-aktuelno"],"_links":{"self":[{"href":"https:\/\/feb.si\/me\/wp-json\/wp\/v2\/posts\/1305"}],"collection":[{"href":"https:\/\/feb.si\/me\/wp-json\/wp\/v2\/posts"}],"about":[{"href":"https:\/\/feb.si\/me\/wp-json\/wp\/v2\/types\/post"}],"author":[{"embeddable":true,"href":"https:\/\/feb.si\/me\/wp-json\/wp\/v2\/users\/2"}],"replies":[{"embeddable":true,"href":"https:\/\/feb.si\/me\/wp-json\/wp\/v2\/comments?post=1305"}],"version-history":[{"count":2,"href":"https:\/\/feb.si\/me\/wp-json\/wp\/v2\/posts\/1305\/revisions"}],"predecessor-version":[{"id":1307,"href":"https:\/\/feb.si\/me\/wp-json\/wp\/v2\/posts\/1305\/revisions\/1307"}],"wp:attachment":[{"href":"https:\/\/feb.si\/me\/wp-json\/wp\/v2\/media?parent=1305"}],"wp:term":[{"taxonomy":"category","embeddable":true,"href":"https:\/\/feb.si\/me\/wp-json\/wp\/v2\/categories?post=1305"},{"taxonomy":"post_tag","embeddable":true,"href":"https:\/\/feb.si\/me\/wp-json\/wp\/v2\/tags?post=1305"}],"curies":[{"name":"wp","href":"https:\/\/api.w.org\/{rel}","templated":true}]}}