{"id":1309,"date":"2023-10-25T07:33:00","date_gmt":"2023-10-25T07:33:00","guid":{"rendered":"https:\/\/feb.si\/me\/?p=1309"},"modified":"2023-10-25T04:43:05","modified_gmt":"2023-10-25T04:43:05","slug":"eu-ne-moze-ignorisati-balkan-ni-zbog-elektricne-energije-iz-bih","status":"publish","type":"post","link":"https:\/\/feb.si\/me\/blog\/2023\/10\/25\/eu-ne-moze-ignorisati-balkan-ni-zbog-elektricne-energije-iz-bih\/","title":{"rendered":"EU ne mo\u017ee ignorisati Balkan ni zbog elektri\u010dne energije iz BiH"},"content":{"rendered":"\n\n<div class=\"wp-block-image\">\n<figure class=\"alignleft size-full\"><img loading=\"lazy\" decoding=\"async\" width=\"267\" height=\"118\" src=\"https:\/\/feb.si\/me\/wp-content\/uploads\/sites\/2\/2023\/10\/Posnetek-zaslona-2023-10-16-152650-3.jpg\" alt=\"\" class=\"wp-image-1310\"\/><\/figure><\/div>\n\n\n<p><\/p>\n\n\n\n<p>Prije po\u010detka sezone grijanja, kao i u mnogim drugim mjestima u Evropi, i u gradovima Zapadnog Balkana iznova se pitaju \u200b\u200bo cijenama struje i grijanja. Za razliku od gradova na Zapadu, u balkanskim gradovima ne strahuju da \u0107e zimi ostati bez struje ili grijanja zbog pote\u0161ko\u0107a u opskrbi zbog rata u Ukrajini ili Izraelu, vi\u0161e ih brine pouzdanost i u\u010dinkovitost djelovanja starih i izuzetno dotrajalih proizvodnih pogona. Osim toga, elektrane, uglavnom na ugalj, predstavljaju ozbiljan ekolo\u0161ki rizik te gradovi u Bosni i Hercegovini, Srbiji, Sjevernoj Makedoniji i na Kosovu svake zime zauzimaju sve viso\u010dija mjesta na globalnoj ljestvici najzaga\u0111enijih gradova u svijetu.<\/p>\n\n\n\n<p>Hitno potrebna ulaganja u izgradnju novih, te pro\u0161irenje i obnova postoje\u0107ih proizvodnih kapaciteta i mre\u017ee stoga nisu samo ekonomska nu\u017enost koju Europska Unija zahtjeva od regije Zapadnog Balkana, ve\u0107 predstavljaju i izlaz iz situacije u kojoj je proizvodnja elektri\u010dne energije postala zastarjela, sa \u0161tetnim emisijama kao nusproizvodom, zbog \u010dega dr\u017eave doslovno ubijaju sopstvene gra\u0111ane.<\/p>\n\n\n\n<p><strong>BiH \u0107e se te\u0161ko odre\u0107i termoelektrana<\/strong><\/p>\n\n\n\n<p>Bosna i Hercegovina je tradicionalno veliki izvoznik elektri\u010dne energije, najve\u0107i me\u0111u svim zemljama Zapadnog Balkana. Problemi s kojima se suo\u010dava energetski sektor u Bosni i Hercegovini su vi\u0161e nego sli\u010dni problemima energetskih sektora&nbsp;svih drugih balkanskih dr\u017eava. Budu\u0107i da je Bosna i Hercegovina energetski samoodr\u017eiva i da je najve\u0107i proizvo\u0111a\u010d elektri\u010dne energije izme\u0111u svih \u0161est zemalja Zapadnog Balkana, u ovom tekstu se fokusiramo na energetiku u Bosni i Hercegovini, a u narednim tekstovima \u0107emo predstaviti stanje u ostalim zemljama regije.<\/p>\n\n\n<div class=\"wp-block-image\">\n<figure class=\"alignleft size-full is-resized\"><img loading=\"lazy\" decoding=\"async\" src=\"https:\/\/feb.si\/me\/wp-content\/uploads\/sites\/2\/2023\/10\/bicko-990x557-2.jpg\" alt=\"\" class=\"wp-image-1319\" width=\"420\" height=\"236\" srcset=\"https:\/\/feb.si\/me\/wp-content\/uploads\/sites\/2\/2023\/10\/bicko-990x557-2.jpg 990w, https:\/\/feb.si\/me\/wp-content\/uploads\/sites\/2\/2023\/10\/bicko-990x557-2-300x169.jpg 300w, https:\/\/feb.si\/me\/wp-content\/uploads\/sites\/2\/2023\/10\/bicko-990x557-2-768x432.jpg 768w\" sizes=\"(max-width: 420px) 100vw, 420px\" \/><\/figure><\/div>\n\n\n<p>Koliko je elektri\u010dna energija va\u017ena za BiH govori i \u010dinjenica da je Vlada entiteta Federacije BiH smje\u0161tena u istoj zgradi kao i Elektroprivreda BiH, a vode\u0107i ljudi u politici \u010desto su dio i energetskog sistema. Generalni direktor ove dr\u017eavne kompanije, a kasnije i predsjednik entitetske vlade tokom cijelog mandata bio je stru\u010dnjak za energetiku, a danas je savjetnik na podru\u010dju energetike iz Sarajeva, Edhem Bi\u010dak\u010di\u0107.<\/p>\n\n\n\n<p>Iako se Bosna i Hercegovina smatra proizvo\u0111a\u010dem ne\u010diste struje, Bi\u010dak\u010di\u0107 isti\u010de da je ona preuzela sve relevantne evropske obaveze o dekarbonizaciji, \u0161to zna\u010di da \u0107e do 2050. godine morati da napusti sve tradicionalne izvore proizvodnje elektri\u010dne energije koji uzrokuju emisije uglja. Ve\u0107 2026. godine \u0107e njihove termoelektrane morati da po\u010dnu da kupuju emisijske kupone, \u0161to \u0107e uveliko smanjiti konkurentnost njihove proizvodnje u odnosu na evropske konkurente. &#8222;<em>Od obaveza prema Evropi, ta\u010dnije od obaveza prema Energetskoj zajednici ne mo\u017eemo bje\u017eati, odnosno mo\u017eemo, ali bi nas to bje\u017eanje moglo skupo da ko\u0161ta,<\/em> &#8220; obja\u0161njava Bi\u010dak\u010di\u0107 koliko u BiH ozbiljno shvataju preuzete obaveze na podru\u010dju emisija.<\/p>\n\n\n\n<p><strong>Obnovljivi izvori u Bosni jo\u0161 uvijek nedovoljno iskori\u0161teni<\/strong><\/p>\n\n\n\n<p>Dr\u017eava, koja je ina\u010de jo\u0161 uvijek vrlo odvisna od uglja, punom parom priprema brojne projekte za izgradnju novih kapaciteta za proizvodnju elektri\u010dne energije iz obnovljivih izvora (OIE), pored hidroelektrarni, su tako\u0111e u prvom planu nove vjetroelektrane i solarne elektrane. &#8222;<em>Postoji stvarno mnogo, mnogo spremnih projekata koji bi mogli unijeti hiljade novih megavat sati u mre\u017eu. Prema trenutno va\u017ee\u0107im planovima, do 2030. ili 2035. godine trebalo bi da napravimo kapacitet za proizvodnju dodatnih 200 megavat sati godi\u0161nje. Ve\u0107 sad bilje\u017eimo eksponencijalni rast kapaciteta proizvodnje elektri\u010dne energije iz obnovljivih izvora<\/em>\u201c, obja\u0161njava Bi\u010dak\u010di\u0107.<\/p>\n\n\n\n<figure class=\"wp-block-image size-large\"><img loading=\"lazy\" decoding=\"async\" width=\"1024\" height=\"384\" src=\"https:\/\/feb.si\/me\/wp-content\/uploads\/sites\/2\/2023\/10\/Depositphotos_95623880_original-1-1024x384.jpg\" alt=\"\" class=\"wp-image-1322\" srcset=\"https:\/\/feb.si\/me\/wp-content\/uploads\/sites\/2\/2023\/10\/Depositphotos_95623880_original-1-1024x384.jpg 1024w, https:\/\/feb.si\/me\/wp-content\/uploads\/sites\/2\/2023\/10\/Depositphotos_95623880_original-1-300x113.jpg 300w, https:\/\/feb.si\/me\/wp-content\/uploads\/sites\/2\/2023\/10\/Depositphotos_95623880_original-1-768x288.jpg 768w, https:\/\/feb.si\/me\/wp-content\/uploads\/sites\/2\/2023\/10\/Depositphotos_95623880_original-1-1536x576.jpg 1536w, https:\/\/feb.si\/me\/wp-content\/uploads\/sites\/2\/2023\/10\/Depositphotos_95623880_original-1.jpg 1600w\" sizes=\"(max-width: 1024px) 100vw, 1024px\" \/><figcaption class=\"wp-element-caption\">Dr\u017eava, koja je ina\u010de jo\u0161 uvijek vrlo odvisna od uglja, punom parom priprema brojne projekte za izgradnju novih kapaciteta za proizvodnju elektri\u010dne energije iz obnovljivih izvora (OIE), pored hidroelektrarni, su tako\u0111e u prvom planu nove vjetroelektrane i solarne elektrane.<\/figcaption><\/figure>\n\n\n\n<p>Ovako brzo pove\u0107anje proizvodnih kapaciteta obavezno \u0107e morati biti popra\u0107eno s pove\u0107anjem kapaciteta prenosne i distribucijske mre\u017ee. Hitno \u0107e biti potrebna ulaganja u izgradnju novih i obnovu postoje\u0107ih kapaciteta za prenos elektri\u010dne energije. Ako se ne oja\u010daju prenosni kapaciteti dovoljno brzo i dovoljno op\u0161irno, uzalud se tro\u0161e napori da se pove\u0107aju proizvodni kapaciteti. Bosna i Hercegovina, koja godi\u0161nje izvozi oko \u010detiri teravat sata elektri\u010dne energije, sve te koli\u010dine prodaje po tr\u017ei\u0161nim cijenama, koje odre\u0111uju trgovci uglavnom na berzi u Budimpe\u0161ti, te ne\u0161to malo i u Zagrebu i Beogradu.<\/p>\n\n\n\n<p>U dr\u017eavnoj energetskoj strategiji je izme\u0111u ostalog zapisana i mogu\u0107nost otvaranja berze elektri\u010dne energije na podru\u010dju Bosne i Hercegovine. \u201c<em>Mi ve\u0107 imamo 26 licenciranih trgovaca elektri\u010dnom energijom, imamo i dosta znanja i iskustva u oblasti energetike, tako da vjerujem da bi Bosna i Hercegovina imala \u0161ta ponuditi na svojoj berzi<\/em>\u201d, smatra Bi\u010dak\u010di\u0107.<\/p>\n\n\n\n<p><strong>Tijesna povezanost sa susjednom Srbijom<\/strong><\/p>\n\n\n<div class=\"wp-block-image\">\n<figure class=\"alignleft size-full\"><img loading=\"lazy\" decoding=\"async\" width=\"267\" height=\"118\" src=\"https:\/\/feb.si\/me\/wp-content\/uploads\/sites\/2\/2023\/10\/Posnetek-zaslona-2023-10-16-152650-4.jpg\" alt=\"\" class=\"wp-image-1311\"\/><\/figure><\/div>\n\n\n<p>Elektroenergetski sistem susjedne Srbije se tako\u0111e uglavnom oslanja na elektri\u010dnu energiju iz termoelektrana, koje su, kao i u Bosni i Hercegovini, u relativno lo\u0161em stanju, zastarjele i samim tim neu\u010dinkovite. Potro\u0161a\u010di u Srbiji su, kao i pro\u0161le zime, zabrinuti ho\u0107e li ove godine imati dovoljno toplotne i elektri\u010dne energije za svoje potrebe. Zbog toga postoji ogromna potra\u017enja za ugljem iz rudnika u BiH od strane velikih srpskih kupaca. \u201c<em>Prakti\u010dno sve \u0161to im Vlada entiteta Federacije BiH omogu\u0107i da kupe, oni kupe. Morate shvatiti da dr\u017eava mora regulisati prodaju uglja ako \u017eeli osigurati stabilno snadbijevanje svojih elektrana. U Srbiju se prodaju ogromne koli\u010dine uglja. Rije\u010d je o stotinama hiljada tona, gigantski teretni vozovi puni uglja stalno idu prema Srbiji<\/em>\u201d, ka\u017ee Bi\u010dak\u010di\u0107.<\/p>\n\n\n\n<p>Istovremeno, ne treba zaboraviti da je situacija u rudnicima u BiH vrlo lo\u0161a, dugogodi\u0161nje zanemarivanje, nedovoljno odr\u017eavanje i hroni\u010dni nedostatak ulaganja uvelike su umanjili profitabilnost rudnika u Bosni i Hercegovini. Ranije su srpski kupci rudare u BiH pla\u0107ali drvima, kamioni koji su odvozili ugalj iz BiH vra\u0107ali su se napunjeni drvima, koja su rudari koristili za hitno potrebne sanacijske radove.<\/p>\n\n\n\n<p>Temeljna sanacija, uz planiranu zelenu tranziciju, predstavlja ozbiljan izazov za politiku u Bosni i Hercegovini, kojoj tako\u0111e ne nedostaje velikih i slo\u017eenih izazova. Rekonstrukcija rudarstva koja \u0107e uslijediti nakon reformi koje \u0107e BiH morati da sprovede zbog sebe same i zbog preuzetih obveza prema Bruxellesu \u0107e biti vrlo bolan proces i tako tvrd orah za politiku u BiH, koji se ne\u0107e mo\u0107i izvesti bez velikih otpu\u0161tanja i dodatnih socijalnih pote\u0161ko\u0107a. Postepeno napu\u0161tanje rudarstva ve\u0107 mijenja izgled bosanskohercegova\u010dkih sela, a lokalne vlasti vide turizam kao jedan od izlaza iz mukotrpnog iskopavanja crnog zlata na podru\u010dju napu\u0161tenih rudnika, koja s vremenom postaju potopljena i vi\u0161e-manje zaboravljena od strane ljudi, ali neo\u010dekivano postaju raj za ribare, kupa\u010de, windsurfere i sl.<\/p>\n\n\n\n<p><strong>Ovim evropskim dvori\u0161tem dominira Kina<\/strong><\/p>\n\n\n\n<p>Budu\u0107nost planiranog 700 milijuna eura vrijednog kineskog ulaganja u izgradnju sedmog bloka tuzlanske termoelektrane visi u zraku od 2014. godine, kada je posao i bio sklopljen. Izgra\u0111ena 1959. godine, najve\u0107a elektrana u Bosni i Hercegovini vrlo je zastarjela i hitno joj je potrebna obnova. Me\u0111utim, zbog negativne konstelacije unutra\u0161njih i spolja\u0161njih faktora ali i i uglavnom iz politi\u010dkih razloga, projekat se toliko odugovla\u010dio da su kineski investitori u me\u0111uvremenu prekinuli saradnju s ameri\u010dkim dobavlja\u010dem opreme General Electric (GE), \u010diju su opremu htjeli imati u Tuzli, Evropa se je potpuno odmaknula od uglja kao ne\u010distog izvora elektri\u010dne energije, a Kina se za to vrijeme obvezala da \u0107e prestati graditi termoelektrane izvan granica svoje zemlje.<\/p>\n\n\n\n<p>\u201c<em>Uvjeren sam da nam treba sedmi blok u Tuzli, sredstva za to su osigurana i iako Kinezi ne mogu isporu\u010diti GE opremu, s njima se mo\u017ee sklopiti obvezuju\u0107i ugovor kako bi njihova oprema osigurala o\u010dekivanih 43 posto u\u010dinkovitosti. Sve to trebaju da presije\u010du politi\u010dari, ali oni o\u010digledno nemaju dovoljno hrabrosti donijeti bilo kakvu odluku, pa samim tim, ni raskinuti posao<\/em>\u201d, obja\u0161njava Bi\u010dak\u010di\u0107.<\/p>\n\n\n\n<p><strong>Kinezi dobro procijenili resurse energetskog sistema BiH<\/strong><\/p>\n\n\n\n<p>Da bi nekako umirili kineske investitore koji se u Tuzli osje\u0107aju zakinutim zbog dugogodi\u0161njeg oklijevanja da se krene u projekt, dr\u017eavna Elektroprivreda BiH, kao vlasnik TE Tuzla, tim istim investitorima dodijelila je posao vrijedan 25 miliona za obnovu dijela postoje\u0107ih kapaciteta u Tuzli, \u0161to bi trebalo po\u010deti u martu sljede\u0107e godine.<\/p>\n\n\n\n<p>I bez TE Tuzla kineski investitori su najaktivniji na energetskom tr\u017ei\u0161tu BiH. Dok njihova investicija u Tuzli visi u zraku, uglavnom zbog drugih, a ne zbog njih samih, Kinezi su direktno ili indirektno uklju\u010deni u cijeli niz projekata izgradnje elektrana iz obnovljivih izvora. Svojom fleksibilno\u0161\u0107u i brzim odlu\u010divanjem prestigli su jednako va\u017ene investitore iz Njema\u010dke na mnogim projektima. \u0160to se ti\u010de slovena\u010dkih investitora, oni su prisutni u nekim konzorcijima za vjetroelektrane i solarne elektrane, najaktivniji su bili na podru\u010dju malih hidroelektrana, me\u0111utim vlasti u BiH su na zahtjev za\u0161titnika prirode zabranile gradnju malih hidroelektrana. . \u201c<em>Mislim da je to bio prili\u010dno nepromi\u0161ljen potez na\u0161ih vlasti koji je na\u017ealost otjerao va\u017ene slovena\u010dke investitore<\/em>\u201d, ka\u017ee sagovornik.<\/p>\n\n\n\n<p>Komplikovano administrativno ure\u0111enje, podjela na entitete, kantone i sli\u010dno uveliko usporava dono\u0161enje odluka o va\u017enim infrastrukturnim i energetskim investicijama. Jo\u0161 komplikovanija i nestabilnija politi\u010dka situacija samo dodatno ote\u017eava ionako slo\u017eene uslove za ulaganja, sla\u017ee se sugovornik. Sigurnosna situacija u Europi u toku rata u Ukrajini i sada obra\u010duna Izraela s ekstremisti\u010dkom grupom Hamas s jedne strane zna\u010di pritisak na cijene energenata i izgradnju elektroenergetskih objekata, \u0161to je \u010dini privla\u010dnijom kapitalu, dok s druge strane, politi\u010dki neizvjesno okru\u017eenje nikad nije posebno privla\u010dno za ulaganja. \u201c<em>Evropski put kojim smo se odlu\u010dili i\u0107i zahtijeva od nas u energetici da istovremeno zatvaramo termoelektrane i ubrzamo izgradnju kapaciteta OIE. Kao \u010dovjek iz sa podru\u010dja energetike, volio bih da malo manje \u017eurimo sa odricanjem od uglja, a malo vi\u0161e sa izgradnjom novih vjetroelektrana i solarnih elektrana<\/em>\u201c, ka\u017ee Bi\u010dak\u010di\u0107, dodaju\u0107i kako sve \u0161to zajedno mo\u017eemo u\u010diniti je da po\u017eelimo da se ratno ludilo u Ukrajini i na Bliskom Istoku &nbsp;ubrzo smiri u dobrobit svih nas.<\/p>\n\n\n\n<p>Avtor: FEB<\/p>\n","protected":false},"excerpt":{"rendered":"<p>Prije po\u010detka sezone grijanja, kao i u mnogim drugim mjestima u Evropi, i u gradovima Zapadnog Balkana iznova se pitaju \u200b\u200bo cijenama struje i grijanja. Za razliku od gradova na Zapadu, u balkanskim gradovima ne strahuju da \u0107e zimi ostati bez struje ili grijanja zbog pote\u0161ko\u0107a u opskrbi zbog rata u Ukrajini ili Izraelu, vi\u0161e&#8230;<\/p>\n","protected":false},"author":2,"featured_media":0,"comment_status":"open","ping_status":"open","sticky":false,"template":"","format":"standard","meta":{"footnotes":""},"categories":[2],"tags":[],"class_list":["post-1309","post","type-post","status-publish","format-standard","hentry","category-analize"],"_links":{"self":[{"href":"https:\/\/feb.si\/me\/wp-json\/wp\/v2\/posts\/1309"}],"collection":[{"href":"https:\/\/feb.si\/me\/wp-json\/wp\/v2\/posts"}],"about":[{"href":"https:\/\/feb.si\/me\/wp-json\/wp\/v2\/types\/post"}],"author":[{"embeddable":true,"href":"https:\/\/feb.si\/me\/wp-json\/wp\/v2\/users\/2"}],"replies":[{"embeddable":true,"href":"https:\/\/feb.si\/me\/wp-json\/wp\/v2\/comments?post=1309"}],"version-history":[{"count":6,"href":"https:\/\/feb.si\/me\/wp-json\/wp\/v2\/posts\/1309\/revisions"}],"predecessor-version":[{"id":1323,"href":"https:\/\/feb.si\/me\/wp-json\/wp\/v2\/posts\/1309\/revisions\/1323"}],"wp:attachment":[{"href":"https:\/\/feb.si\/me\/wp-json\/wp\/v2\/media?parent=1309"}],"wp:term":[{"taxonomy":"category","embeddable":true,"href":"https:\/\/feb.si\/me\/wp-json\/wp\/v2\/categories?post=1309"},{"taxonomy":"post_tag","embeddable":true,"href":"https:\/\/feb.si\/me\/wp-json\/wp\/v2\/tags?post=1309"}],"curies":[{"name":"wp","href":"https:\/\/api.w.org\/{rel}","templated":true}]}}