{"id":1325,"date":"2023-10-26T12:25:40","date_gmt":"2023-10-26T12:25:40","guid":{"rendered":"https:\/\/feb.si\/me\/?p=1325"},"modified":"2023-10-26T12:25:40","modified_gmt":"2023-10-26T12:25:40","slug":"predstavnici-zemalja-dunavskog-regiona-vide-podsticaj-za-sirenje-eu","status":"publish","type":"post","link":"https:\/\/feb.si\/me\/blog\/2023\/10\/26\/predstavnici-zemalja-dunavskog-regiona-vide-podsticaj-za-sirenje-eu\/","title":{"rendered":"Predstavnici zemalja dunavskog regiona vide podsticaj za \u0161irenje EU"},"content":{"rendered":"\n\n\n<p>Da nije rata u Ukrajini, vjerovatno ne bismo ovako razgovarali o pro\u0161irenju EU, rekla je ministarka vanjskih poslova Tanja Fajon, na plenarnom panelu foruma Strategije EU za dunavsku regiju (EUSDR) na Brdu kod Kranja.<\/p>\n\n\n\n<p>Ministar vanjskih poslova Bosne i Hercegovine Elmedin Konakovi\u0107 rekao je da i sam vidi pozitivne pomake na podru\u010dju pro\u0161irenja EU, \u0161to smatra posebno va\u017enim u situaciji\/svijetlu bijega\/odliva intelektualaca s \u200b\u200bkojim se njegova zemlja suo\u010dava.<\/p>\n\n\n\n<p>Saradnju na EUSDR-u su ovom prilikom pozdravili i predstavnici ostalih zemalja regije &#8211; Ana Novakovi\u0107 \u0110urovi\u0107, ministarka ekologije i koordinatorka Ministarstva evropskih poslova Crne Gore, srbijanska ministarka evropskih integracija Tanja Mi\u0161\u010devi\u0107, zamjenica glavnog sekretara Ministarstva infrastrukture Moldavije Eugeniu Harabara i Andrij Taran, veleposlanik Ukrajine u Sloveniji.<\/p>\n\n\n\n<p>Slovenija je pro\u0161log novembra preuzela predsjedanje EUSDR-om. To je druga makroregionalna strategija EU-a koju je Europska komisija usvojila 2010. za uspostavljanje sinergije i koordinaciju postoje\u0107ih politika i inicijativa u dunavskoj regiji.<\/p>\n\n\n\n<p>Izvor: Mmc\/Sta<\/p>\n","protected":false},"excerpt":{"rendered":"<p>Da nije rata u Ukrajini, vjerovatno ne bismo ovako razgovarali o pro\u0161irenju EU, rekla je ministarka vanjskih poslova Tanja Fajon, na plenarnom panelu foruma Strategije EU za dunavsku regiju (EUSDR) na Brdu kod Kranja. Ministar vanjskih poslova Bosne i Hercegovine Elmedin Konakovi\u0107 rekao je da i sam vidi pozitivne pomake na podru\u010dju pro\u0161irenja EU, \u0161to&#8230;<\/p>\n","protected":false},"author":2,"featured_media":0,"comment_status":"open","ping_status":"open","sticky":false,"template":"","format":"standard","meta":{"footnotes":""},"categories":[3],"tags":[],"class_list":["post-1325","post","type-post","status-publish","format-standard","hentry","category-aktuelno"],"_links":{"self":[{"href":"https:\/\/feb.si\/me\/wp-json\/wp\/v2\/posts\/1325"}],"collection":[{"href":"https:\/\/feb.si\/me\/wp-json\/wp\/v2\/posts"}],"about":[{"href":"https:\/\/feb.si\/me\/wp-json\/wp\/v2\/types\/post"}],"author":[{"embeddable":true,"href":"https:\/\/feb.si\/me\/wp-json\/wp\/v2\/users\/2"}],"replies":[{"embeddable":true,"href":"https:\/\/feb.si\/me\/wp-json\/wp\/v2\/comments?post=1325"}],"version-history":[{"count":1,"href":"https:\/\/feb.si\/me\/wp-json\/wp\/v2\/posts\/1325\/revisions"}],"predecessor-version":[{"id":1326,"href":"https:\/\/feb.si\/me\/wp-json\/wp\/v2\/posts\/1325\/revisions\/1326"}],"wp:attachment":[{"href":"https:\/\/feb.si\/me\/wp-json\/wp\/v2\/media?parent=1325"}],"wp:term":[{"taxonomy":"category","embeddable":true,"href":"https:\/\/feb.si\/me\/wp-json\/wp\/v2\/categories?post=1325"},{"taxonomy":"post_tag","embeddable":true,"href":"https:\/\/feb.si\/me\/wp-json\/wp\/v2\/tags?post=1325"}],"curies":[{"name":"wp","href":"https:\/\/api.w.org\/{rel}","templated":true}]}}