{"id":1639,"date":"2024-01-03T09:22:30","date_gmt":"2024-01-03T09:22:30","guid":{"rendered":"https:\/\/feb.si\/me\/?p=1639"},"modified":"2024-01-03T09:22:30","modified_gmt":"2024-01-03T09:22:30","slug":"drzavljani-kosova-u-zemlje-eu-bez-viza-jedini-izuzetak-je-spanija","status":"publish","type":"post","link":"https:\/\/feb.si\/me\/blog\/2024\/01\/03\/drzavljani-kosova-u-zemlje-eu-bez-viza-jedini-izuzetak-je-spanija\/","title":{"rendered":"Dr\u017eavljani Kosova u zemlje EU bez viza; jedini izuzetak je \u0160panija"},"content":{"rendered":"\n\n\n<p>U ponedjeljak je za gra\u0111ane Kosova stupio na snagu bezvizni re\u017eim za ulazak u zemlje Evropske unije. Visoki predstavnik EU za spoljnu politiku Josep Borell opisao je odluku Unije kao istorijsku i ocenio da \u0107e ona biti od koristi i Kosovu i EU. Tako\u0111e je naglasio da je kroz liberalizaciju viznog re\u017eima, sada cijeli zapadni Balkan povezan.<\/p>\n\n\n\n<p>Bezvizni re\u017eim se, podsjetimo, ve\u0107 primjenjuje na sve ostale zemlje zapadnog Balkana.<\/p>\n\n\n\n<p>Vlasnici kosovskih paso\u0161a mogu putovati u zemlje EU bez vize na period od 90 dana u bilo kom periodu od 180 dana od 1. januara.<\/p>\n\n\n\n<p>U Briselu je, na predlog Evropske komisije, u toku i procedura za uvo\u0111enje vizne liberalizacije za gra\u0111ane Kosova sa srpskim paso\u0161ima. Prijedlog moraju razmotriti i Evropski parlament i Vije\u0107e EU.<\/p>\n","protected":false},"excerpt":{"rendered":"<p>U ponedjeljak je za gra\u0111ane Kosova stupio na snagu bezvizni re\u017eim za ulazak u zemlje Evropske unije. Visoki predstavnik EU za spoljnu politiku Josep Borell opisao je odluku Unije kao istorijsku i ocenio da \u0107e ona biti od koristi i Kosovu i EU. Tako\u0111e je naglasio da je kroz liberalizaciju viznog re\u017eima, sada cijeli zapadni&#8230;<\/p>\n","protected":false},"author":2,"featured_media":0,"comment_status":"open","ping_status":"open","sticky":false,"template":"","format":"standard","meta":{"footnotes":""},"categories":[3],"tags":[],"class_list":["post-1639","post","type-post","status-publish","format-standard","hentry","category-aktuelno"],"_links":{"self":[{"href":"https:\/\/feb.si\/me\/wp-json\/wp\/v2\/posts\/1639"}],"collection":[{"href":"https:\/\/feb.si\/me\/wp-json\/wp\/v2\/posts"}],"about":[{"href":"https:\/\/feb.si\/me\/wp-json\/wp\/v2\/types\/post"}],"author":[{"embeddable":true,"href":"https:\/\/feb.si\/me\/wp-json\/wp\/v2\/users\/2"}],"replies":[{"embeddable":true,"href":"https:\/\/feb.si\/me\/wp-json\/wp\/v2\/comments?post=1639"}],"version-history":[{"count":1,"href":"https:\/\/feb.si\/me\/wp-json\/wp\/v2\/posts\/1639\/revisions"}],"predecessor-version":[{"id":1640,"href":"https:\/\/feb.si\/me\/wp-json\/wp\/v2\/posts\/1639\/revisions\/1640"}],"wp:attachment":[{"href":"https:\/\/feb.si\/me\/wp-json\/wp\/v2\/media?parent=1639"}],"wp:term":[{"taxonomy":"category","embeddable":true,"href":"https:\/\/feb.si\/me\/wp-json\/wp\/v2\/categories?post=1639"},{"taxonomy":"post_tag","embeddable":true,"href":"https:\/\/feb.si\/me\/wp-json\/wp\/v2\/tags?post=1639"}],"curies":[{"name":"wp","href":"https:\/\/api.w.org\/{rel}","templated":true}]}}