{"id":1641,"date":"2024-01-03T12:51:28","date_gmt":"2024-01-03T12:51:28","guid":{"rendered":"https:\/\/feb.si\/me\/?p=1641"},"modified":"2024-01-10T08:40:19","modified_gmt":"2024-01-10T08:40:19","slug":"nova-vlada-crne-gore-uliva-umjereni-optimizam","status":"publish","type":"post","link":"https:\/\/feb.si\/me\/blog\/2024\/01\/03\/nova-vlada-crne-gore-uliva-umjereni-optimizam\/","title":{"rendered":"NOVA VLADA CRNE GORE ULIVA UMJERENI OPTIMIZAM"},"content":{"rendered":"\n<p><em>Iako je za ozbiljniju analizu rada crnogorske vlade potrebno sa\u010dekati da pro\u0111e njenih 100 dana, osvrnuli smo se na prva dva mjeseca njenog rada. Od premijera Milojka Spaji\u0107a se puno o\u010dekuje, posebno \u0161to dolazi nakon Dritana Abazovi\u0107a kojeg zvani\u010dnici EU-e nezvani\u010dno ozna\u010davaju kao najve\u0107e razo\u010darenje promjena u Crnoj Gori.<\/em><\/p>\n\n\n<div class=\"wp-block-image\">\n<figure class=\"alignleft size-full is-resized\"><img loading=\"lazy\" decoding=\"async\" src=\"https:\/\/feb.si\/me\/wp-content\/uploads\/sites\/2\/2024\/01\/download-1.jpg\" alt=\"\" class=\"wp-image-1643\" width=\"330\" height=\"330\" srcset=\"https:\/\/feb.si\/me\/wp-content\/uploads\/sites\/2\/2024\/01\/download-1.jpg 225w, https:\/\/feb.si\/me\/wp-content\/uploads\/sites\/2\/2024\/01\/download-1-150x150.jpg 150w\" sizes=\"(max-width: 330px) 100vw, 330px\" \/><figcaption class=\"wp-element-caption\">Milojko Spaji\u0107, premijer vlade Crne Gore<\/figcaption><\/figure><\/div>\n\n\n<p> Novi premijer Milojko Spaji\u0107, je, podsjetimo, u politiku u\u0161ao poslije izbora 2020., kada je izabran za ministra finansija u Vladi Zdravka Krivokapi\u0107a, formirane pod uticajem Srpske pravoslavne crkve.<br>Spaji\u0107eva vlada je u sada\u0161njem obliku &#8216;oro\u010dena&#8217; na godinu, kada je \u010deka rekonstrukcija. Va\u017ene pozicije \u0107e tada zaposjesti stranke Andrije Mandi\u0107a, Nova srpska demokratija i Demokratska narodna stranka Milana Kne\u017eevi\u0107a, nekada\u0161nji Demokratski front (DF). Naime, osnivanjem koalicije je re\u010deno da \u0107e te stranke podr\u017eati manjinsku vladu, dok \u0107e krajem slede\u0107e godine preoblikovanjem vlade postati njen dio. Dobi\u0107e polo\u017eaj potpredsednika vlade i \u010detiri ministrstva, dok je Mandi\u0107 ve\u0107 postao predsjednik parlamenta Crne Gore.&nbsp;<\/p>\n\n\n\n<p><strong>&#8216;Vuk dlaku mijenja \u0107ud nikada&#8217;<\/strong><\/p>\n\n\n<div class=\"wp-block-image\">\n<figure class=\"alignleft size-full is-resized\"><img loading=\"lazy\" decoding=\"async\" src=\"https:\/\/feb.si\/me\/wp-content\/uploads\/sites\/2\/2024\/01\/20190606_073322.jpg\" alt=\"\" class=\"wp-image-1662\" width=\"408\" height=\"274\" srcset=\"https:\/\/feb.si\/me\/wp-content\/uploads\/sites\/2\/2024\/01\/20190606_073322.jpg 997w, https:\/\/feb.si\/me\/wp-content\/uploads\/sites\/2\/2024\/01\/20190606_073322-768x518.jpg 768w\" sizes=\"(max-width: 408px) 100vw, 408px\" \/><figcaption class=\"wp-element-caption\">Samir Rastoder, urednik portala Standard, koji godinama prati politi\u010dku scenu Crne Gore<\/figcaption><\/figure><\/div>\n\n\n<p>Iako su partije koje \u010dine 44. Vladu Crne Gore, u sporazumu prije njenog formiranja, na posebno mjesto stavile integracije i &#8222;sna\u017enu podr\u0161ku&#8220; crnogorskog puta prema evropskim vrijednostima, \u010dini se da ta posve\u0107enost mo\u017ee biti kratkog daha. Svima je poznato da su Mandi\u0107 i Kne\u017eevi\u0107 politi\u010dari koji ne podr\u017eavaju sankcije Rusiji zbog agresije na Ukrajinu<em>. <\/em>&#8216;<em>Oni su i za ja\u010danje veza sa Srbijom i Rusijom, \u0161to se mo\u017ee smatrati nekomplementarnim sa evropskom agendom. Tako\u0111e, pomenuti politi\u010dari koji sada sjede u crnogorskoj vladi ne priznaju nezavisnost i suverenitet Kosova, negiraju genocid u Srebrenici, ne po\u0161tuju me\u0111unarodne sudove, posebno onaj za ratne zlo\u010dine u Hagu i slave zlo\u010dince kao heroje<\/em>&#8216;, isti\u010de uz ostalo Samir Rastoder, dugogodi\u0161nji novinar-urednik portala Standard (www.standard.co.me) koji godinama prati politi\u010dku scenu Crne Gore.<\/p>\n\n\n\n<p>Da se to mo\u017ee odraziti na rad vlade smatraju i u podgori\u010dkom Centru za monitoring i istra\u017eivanje. &#8216;<em>Li\u010dno mislim da \u0107e biti izazovno odr\u017eati ovu dinamiku, te postoji mogu\u0107nost da se koalicija okupljena oko nekada\u0161njeg Demokratskog fronta vrati svojim izvornim principima, \u0161to bi predstavljalo ozbiljan test za vladaju\u0107u koaliciju<\/em>&#8216; isti\u010de analiti\u010daka Cemi-ja Ana Nenezi\u0107.<\/p>\n\n\n\n<p><strong>Sukob izme\u0111u premijera i predsjednika<\/strong><\/p>\n\n\n<div class=\"wp-block-image\">\n<figure class=\"alignleft size-full\"><img loading=\"lazy\" decoding=\"async\" width=\"267\" height=\"118\" src=\"http:\/\/feb.si\/me\/wp-content\/uploads\/sites\/2\/2023\/11\/Posnetek-zaslona-2023-10-16-152650.jpg\" alt=\"\" class=\"wp-image-1432\"\/><\/figure><\/div>\n\n\n<p> Kada govorimo o pristupu premijera Spaji\u0107a i predsjednika Milatovi\u0107a, koji obojica dolaze iz Pokreta Evropa sad (PES) prema Evropskoj uniji i me\u0111unarodnom kursu Crne Gore, oba politi\u010dara deklarativno izra\u017eavaju sna\u017enu podr\u0161ku procesu evropskih integracija, koji u\u017eiva podr\u0161ku preko 80% gra\u0111ana Crne Gore. Dodatno, sna\u017eno podr\u017eavaju NATO i obaveze koje proizilaze iz \u010dlanstva Crne Gore. Me\u0111utim, postavlja se pitanje da li se iza deklarativne podr\u0161ke krije iskrena politi\u010dka volja ili taktika, te da li je stvarni cilj doprinijeti boljim rezultatima i ubrzati proces integracija.<\/p>\n\n\n<div class=\"wp-block-image\">\n<figure class=\"alignleft size-full is-resized\"><img loading=\"lazy\" decoding=\"async\" src=\"https:\/\/feb.si\/me\/wp-content\/uploads\/sites\/2\/2024\/01\/5474967_jakovmilatovic14k-1-1_ls.jpg\" alt=\"\" class=\"wp-image-1644\" width=\"396\" height=\"263\" srcset=\"https:\/\/feb.si\/me\/wp-content\/uploads\/sites\/2\/2024\/01\/5474967_jakovmilatovic14k-1-1_ls.jpg 1000w, https:\/\/feb.si\/me\/wp-content\/uploads\/sites\/2\/2024\/01\/5474967_jakovmilatovic14k-1-1_ls-300x200.jpg 300w, https:\/\/feb.si\/me\/wp-content\/uploads\/sites\/2\/2024\/01\/5474967_jakovmilatovic14k-1-1_ls-768x511.jpg 768w\" sizes=\"(max-width: 396px) 100vw, 396px\" \/><figcaption class=\"wp-element-caption\">Jakov Milatovi\u0107, predsjednik Crne Gore<\/figcaption><\/figure><\/div>\n\n\n<p>Oba politi\u010dara se zala\u017eu za ubrzanje procesa reformi, posebno u kontekstu klju\u010dnog pregovara\u010dkog poglavlja 23 &#8211; Pravosu\u0111e i temeljna prava. Napredak u ovom poglavlju je klju\u010dan za nastavak pregovora po ostalim klasterima. &#8216;<em>Vjerujem da su oba politi\u010dara svjesna va\u017enosti ovog pitanja za Crnu Goru i da njihova politi\u010dka karijera zavisi od sposobnosti da doprinesu procesu integracija. Uprkos razlikama, o\u010dekujem da \u0107e oba politi\u010dara odgovoriti na ovaj izazov, a da spor postoji oko toga ko \u0107e proces voditi i preuzeti zasluge u slu\u010daju pozitivnih rezultata<\/em>&#8216; isti\u010de analiti\u010daka Cemi-ja Ana Nenezi\u0107. Po njenom mi\u0161ljenju, evidentan je politi\u010dki razlaz dvije struje u Pokretu Evropa sad (PES), koje predvode premijer Milojko Spaji\u0107 i predsjednik dr\u017eave Jakov Milatovi\u0107.<\/p>\n\n\n\n<p><strong>Razlaz je neminovan<\/strong><\/p>\n\n\n\n<p>&#8216;<em>Pitanje nije da li \u0107e do\u0107i do razlaza, ve\u0107 kada \u0107e se on formalizovati. Razlike u pristupu, politi\u010dkoj taktici, mogu\u0107im koalicijama i klju\u010dnim prioritetima su ve\u0107 bile vidljive tokom parlamentarnih izbora i dobro su poznate javnosti u Crnoj Gori<\/em>&#8216; isti\u010de Nenezi\u0107.<\/p>\n\n\n\n<p>Postojale su brojne situacije u kojima je predsjednik Milatovi\u0107 javno kritikovao predsjednika svoje partije. Kritike su se kretale od na\u010dina vo\u0111enja pregovora za sastav nove vlade do na\u010dina rada i dono\u0161enja odluka unutar stranke. &#8216;<em>Va\u017eno je napomenuti da je predsjednik Milatovi\u0107 vi\u0161e puta izrazio neupu\u0107enost u ekonomski program &#8222;Evropa sad 2&#8220;, uprkos tome \u0161to je nakon preuzimanja funkcije predsjednika Crne Gore zadr\u017eao svoju partijsku funkciju<\/em>&#8216;, dodaje Nenezi\u0107.<\/p>\n\n\n\n<p>&#8216;S<em> druge strane, premijer Spaji\u0107 do sada nije javno izrazio svoj stav u vezi sa problemima u komunikaciji sa predsjednikom Milatovi\u0107em, ali postoji niz indikatora koji ukazuju na to da odnos izme\u0111u njih ne funkcioni\u0161e, te da su politi\u010dke razlike duboke. Stoga, vjerujemo da \u0107e biti te\u0161ko prevazi\u0107i ove razlike i da mo\u017eemo o\u010dekivati formalni razlaz u toku slede\u0107e godine<\/em>&#8216; \u2013 isti\u010de Nenezi\u0107.<\/p>\n\n\n\n<p>Sve su glasnije primjedbe da je Milatovi\u0107eva politika vi\u0161e usmjerena na region, na pobolj\u0161anje i intenziviranje odnosa konkretno sa Srbijom te da \u0107e i to, determinisati njihove razlike.<\/p>\n\n\n\n<p><strong>Ekonomske reforme su klju\u010dne za ocjenu uspjeha crnogorske vlade<\/strong><\/p>\n\n\n\n<p>Politi\u010dka budu\u0107nost, Milojka Spaji\u0107a, &nbsp;magistra ekonomije, biv\u0161eg ministra finansija smatraju analiti\u010dari zavisi od ekonomskih reformi koje ima namjeru da sprovede. On je prije nego \u0161to je postao premijer, dr\u017eavljanima obe\u0107avao da \u0107e minimalna penzija porasti na 450 eur, prosje\u010dna plata \u0107e po njegovim rije\u010dima kroz jednu godinu iznositi 1.000 eur. Gra\u0111ani Crne Gore u stvari najvi\u0161e reaguju na ekonomska pitanja tako da bi, nakon popisa, kada identitetska i sli\u010dna pitanja budu zavr\u0161ena, ostala ekonomska kao glavna tema.<\/p>\n\n\n\n<p>Zabrinjavaju\u0107a je \u010dinjenica da, ni pola godine nakon najave, niko u Crnoj Gori zapravo ne zna \u0161to sadr\u017ei program &#8222;Evropa sad 2&#8220;, odnosno ekonomska platforma na osnovu koje je pokret Evropa i dobio najve\u0107i broj glasova na izborima \u2013 podsje\u0107a Ana Nenezi\u0107 iz Centra za monitoring i istra\u017eivanje.<\/p>\n\n\n\n<p><strong>Okretanje plo\u010de ministra za vanjske poslove Filipa Ivanovi\u0107a<\/strong><\/p>\n\n\n<div class=\"wp-block-image\">\n<figure class=\"alignleft size-large is-resized\"><img loading=\"lazy\" decoding=\"async\" src=\"https:\/\/feb.si\/me\/wp-content\/uploads\/sites\/2\/2024\/01\/viber_image_2023-12-19_21-20-45-977-1-858x1024.jpg\" alt=\"\" class=\"wp-image-1660\" width=\"330\" height=\"393\" srcset=\"https:\/\/feb.si\/me\/wp-content\/uploads\/sites\/2\/2024\/01\/viber_image_2023-12-19_21-20-45-977-1-858x1024.jpg 858w, https:\/\/feb.si\/me\/wp-content\/uploads\/sites\/2\/2024\/01\/viber_image_2023-12-19_21-20-45-977-1-251x300.jpg 251w, https:\/\/feb.si\/me\/wp-content\/uploads\/sites\/2\/2024\/01\/viber_image_2023-12-19_21-20-45-977-1-768x916.jpg 768w, https:\/\/feb.si\/me\/wp-content\/uploads\/sites\/2\/2024\/01\/viber_image_2023-12-19_21-20-45-977-1-1287x1536.jpg 1287w, https:\/\/feb.si\/me\/wp-content\/uploads\/sites\/2\/2024\/01\/viber_image_2023-12-19_21-20-45-977-1.jpg 1341w\" sizes=\"(max-width: 330px) 100vw, 330px\" \/><figcaption class=\"wp-element-caption\">Analiti\u010daka Cemi-ja Ana Nenezi\u0107<\/figcaption><\/figure><\/div>\n\n\n<p>Ministarstvo vanjskih poslova u vladi Crne Gore vodi doktor filozofskih nauka Filip Ivanovi\u0107, koji je svojevremeno pisao kolumne protiv NATO-a i bio na proruskoj liniji. Koliko ministar vanjskih poslova mo\u017ee biti kompetenten u sprovo\u0111enju evropske agende vlade kojoj pripada? &#8216;<em>Njegova prethodna stajali\u0161ta mogu predstavljati izazov u ovom pogledu, ali klju\u010dno je da on kao ministar sada predstavlja i provodi zvani\u010dnu politiku vlade, koja je usmjerena ka integraciji sa Zapadom<\/em>&#8216;, smatra Nenezi\u0107. Va\u017eno je da ministar ima jasan i uskla\u0111en pristup sa ovim ciljevima, i u dosada\u0161njem djelovanju, nije odstupao od navedenih usmjerenja, dodaje ona.<\/p>\n\n\n\n<p><strong>Prva provjera vlade, realizacija popisa \u2013 pro\u0161la uspje\u0161no<\/strong><\/p>\n\n\n<div class=\"wp-block-image\">\n<figure class=\"alignleft size-full\"><img loading=\"lazy\" decoding=\"async\" width=\"267\" height=\"118\" src=\"http:\/\/feb.si\/me\/wp-content\/uploads\/sites\/2\/2023\/11\/Posnetek-zaslona-2023-10-16-152650-3.jpg\" alt=\"\" class=\"wp-image-1435\"\/><\/figure><\/div>\n\n\n<p>Vratimo se trenutnoj ocjeni rada vlade, ona uliva umjereni optimizam. Rije\u010d je o uspje\u0161nom po\u010detku popisa koji je u dru\u0161tvu mjesecima izazivao visok stepen polarizacije. &#8216;<em>Premijerova odluka da odlo\u017ei popis, te pokrene razgovore sa klju\u010dnim politi\u010dkim subjektima i drugim akterima uklju\u010denim u proces, pokazala se kao zreo politi\u010dki potez, koji je rezultirao potpisivanjem sporazuma sa opozicijom. Ovaj \u010din doprinio je smanjenju politizacije i omogu\u0107io da se popis sprovede u mirnijoj atmosferi<\/em>&#8216; \u2013 dodaje analiti\u010darka Cemija Ana Nenezi\u0107.<\/p>\n\n\n\n<p>Paralelno, zapo\u010det je i proces izbora klju\u010dnih pozicija u pravosu\u0111u, koji je godinama ograni\u010davao zemlju u daljim koracima prema EU, a koji je bio predmet kritika iz Brisela. Proces je jo\u0161 uvijek u toku, a parlamentarna ve\u0107ina, za sada, funkcioni\u0161e i pokazuje rezultate. Ipak, potrebno je sa\u010dekati njegov zavr\u0161etak da bismo ga mogli ocijeniti kao uspje\u0161an, dodaje Nenezi\u0107. <\/p>\n\n\n\n<p>&#8216;Pitanje od &#8222;milion eura&#8220; je da li \u0107e premijer Milojko Spaji\u0107 za godinu, koliko je oro\u010dena njegova vlada, uspjeti da ubijedi Brisel ali i gra\u0111ane Crne Gore, da je njegovo &#8222;adaktiranje&#8220; tema koje dijele gra\u0111ane Crne Gore i nametanje egzistencijalnih, ekonomskih pitanja pravi put, koji komplementira sa onim evropskim&#8217; &#8211; isti\u010de analiti\u010dar Rastoder koji prati politi\u010dke teme u Crnoj Gori.<br>Treba mu svakako dati jo\u0161 neko vrijeme da to poka\u017ee.<\/p>\n\n\n\n<p><strong>Abazovi\u0107 vs Spaji\u0107<\/strong><\/p>\n\n\n\n<p>Vidljive su velike razlike u stilu upravljanja izme\u0111u biv\u0161eg i sada\u0161njeg premijera. U ovom kratkom periodu, najuo\u010dljiviji je premijerov odnos prema javnosti. Za razliku od gospodina Abazovi\u0107a, koji je bio \u010desto prisutan u javnosti, a sjednice Vlade su bile javno preno\u0161ene, premijer Spaji\u0107 ima suprotan pristup. Od zavr\u0161etka kampanje za parlamentarne izbore, javnost je li\u0161ena mogu\u0107nosti da \u010duje njegova vi\u0111enja klju\u010dnih dru\u0161tvenih izazova. Komunikacija sa javnostima je ograni\u010dena i kontrolisana, dok su sjednice Vlade sada zatvorene za javnost. Vjerujem da \u0107e se ovakav odnos morati mijenjati ukoliko premijer \u017eeli zadr\u017eati podr\u0161ku koju trenutno ima od gra\u0111ana Crne Gore, isti\u010de Nenezi\u0107.<\/p>\n\n\n\n<p><\/p>\n\n\n\n<p>.<\/p>\n","protected":false},"excerpt":{"rendered":"<p>Iako je za ozbiljniju analizu rada crnogorske vlade potrebno sa\u010dekati da pro\u0111e njenih 100 dana, osvrnuli smo se na prva dva mjeseca njenog rada. Od premijera Milojka Spaji\u0107a se puno o\u010dekuje, posebno \u0161to dolazi nakon Dritana Abazovi\u0107a kojeg zvani\u010dnici EU-e nezvani\u010dno ozna\u010davaju kao najve\u0107e razo\u010darenje promjena u Crnoj Gori. Novi premijer Milojko Spaji\u0107, je, podsjetimo,&#8230;<\/p>\n","protected":false},"author":2,"featured_media":1671,"comment_status":"open","ping_status":"open","sticky":false,"template":"","format":"standard","meta":{"footnotes":""},"categories":[2],"tags":[],"class_list":["post-1641","post","type-post","status-publish","format-standard","has-post-thumbnail","hentry","category-analize"],"_links":{"self":[{"href":"https:\/\/feb.si\/me\/wp-json\/wp\/v2\/posts\/1641"}],"collection":[{"href":"https:\/\/feb.si\/me\/wp-json\/wp\/v2\/posts"}],"about":[{"href":"https:\/\/feb.si\/me\/wp-json\/wp\/v2\/types\/post"}],"author":[{"embeddable":true,"href":"https:\/\/feb.si\/me\/wp-json\/wp\/v2\/users\/2"}],"replies":[{"embeddable":true,"href":"https:\/\/feb.si\/me\/wp-json\/wp\/v2\/comments?post=1641"}],"version-history":[{"count":13,"href":"https:\/\/feb.si\/me\/wp-json\/wp\/v2\/posts\/1641\/revisions"}],"predecessor-version":[{"id":1673,"href":"https:\/\/feb.si\/me\/wp-json\/wp\/v2\/posts\/1641\/revisions\/1673"}],"wp:featuredmedia":[{"embeddable":true,"href":"https:\/\/feb.si\/me\/wp-json\/wp\/v2\/media\/1671"}],"wp:attachment":[{"href":"https:\/\/feb.si\/me\/wp-json\/wp\/v2\/media?parent=1641"}],"wp:term":[{"taxonomy":"category","embeddable":true,"href":"https:\/\/feb.si\/me\/wp-json\/wp\/v2\/categories?post=1641"},{"taxonomy":"post_tag","embeddable":true,"href":"https:\/\/feb.si\/me\/wp-json\/wp\/v2\/tags?post=1641"}],"curies":[{"name":"wp","href":"https:\/\/api.w.org\/{rel}","templated":true}]}}