{"id":1651,"date":"2024-01-08T10:16:44","date_gmt":"2024-01-08T10:16:44","guid":{"rendered":"https:\/\/feb.si\/me\/?p=1651"},"modified":"2024-01-08T10:18:01","modified_gmt":"2024-01-08T10:18:01","slug":"spanija-priznala-kosovske-pasose-ali-ne-i-nezavisno-kosovo","status":"publish","type":"post","link":"https:\/\/feb.si\/me\/blog\/2024\/01\/08\/spanija-priznala-kosovske-pasose-ali-ne-i-nezavisno-kosovo\/","title":{"rendered":"\u0160panija priznala kosovske paso\u0161e, ali ne i nezavisno Kosovo"},"content":{"rendered":"\n\n\n<p>\u0160panija je pristala da prizna kosovske paso\u0161e, ali to ne zna\u010di da zvani\u010dno priznaje nezavisno Kosovo, saop\u0161tio je u subotu u Pri\u0161tini zamjenik premijera Besnik Bislimi. Iz dokumenta Evropske unije jasno je da se Madrid na ovaj potez odlu\u010dio 1. januara. \u0160panska vlada jo\u0161 nije komentarisala ove navode.<\/p>\n\n\n\n<p>Da se \u0160panija nalazi na listi zemalja \u0161engenskog prostora u koje nosioci kosovskih paso\u0161a mogu da putuju bez vize, objavio je na Fejsbuku potpredsednik Vlade i \u0161ef kosovskih pregovara\u010da u dijalogu sa Beogradom Besnik Bislimi. &#8222;Dobre vijesti za na\u0161e gra\u0111ane i na\u0161u zemlju se nastavljaju&#8220;, dodao je on, njegove rije\u010di je sa\u017eeo kosovski portal Kosovo Online.<\/p>\n\n\n\n<p>Izvor: Sta<br>\u200b<\/p>\n","protected":false},"excerpt":{"rendered":"<p>\u0160panija je pristala da prizna kosovske paso\u0161e, ali to ne zna\u010di da zvani\u010dno priznaje nezavisno Kosovo, saop\u0161tio je u subotu u Pri\u0161tini zamjenik premijera Besnik Bislimi. Iz dokumenta Evropske unije jasno je da se Madrid na ovaj potez odlu\u010dio 1. januara. \u0160panska vlada jo\u0161 nije komentarisala ove navode. Da se \u0160panija nalazi na listi zemalja&#8230;<\/p>\n","protected":false},"author":2,"featured_media":0,"comment_status":"open","ping_status":"open","sticky":false,"template":"","format":"standard","meta":{"footnotes":""},"categories":[3],"tags":[],"class_list":["post-1651","post","type-post","status-publish","format-standard","hentry","category-aktuelno"],"_links":{"self":[{"href":"https:\/\/feb.si\/me\/wp-json\/wp\/v2\/posts\/1651"}],"collection":[{"href":"https:\/\/feb.si\/me\/wp-json\/wp\/v2\/posts"}],"about":[{"href":"https:\/\/feb.si\/me\/wp-json\/wp\/v2\/types\/post"}],"author":[{"embeddable":true,"href":"https:\/\/feb.si\/me\/wp-json\/wp\/v2\/users\/2"}],"replies":[{"embeddable":true,"href":"https:\/\/feb.si\/me\/wp-json\/wp\/v2\/comments?post=1651"}],"version-history":[{"count":2,"href":"https:\/\/feb.si\/me\/wp-json\/wp\/v2\/posts\/1651\/revisions"}],"predecessor-version":[{"id":1654,"href":"https:\/\/feb.si\/me\/wp-json\/wp\/v2\/posts\/1651\/revisions\/1654"}],"wp:attachment":[{"href":"https:\/\/feb.si\/me\/wp-json\/wp\/v2\/media?parent=1651"}],"wp:term":[{"taxonomy":"category","embeddable":true,"href":"https:\/\/feb.si\/me\/wp-json\/wp\/v2\/categories?post=1651"},{"taxonomy":"post_tag","embeddable":true,"href":"https:\/\/feb.si\/me\/wp-json\/wp\/v2\/tags?post=1651"}],"curies":[{"name":"wp","href":"https:\/\/api.w.org\/{rel}","templated":true}]}}