{"id":1669,"date":"2024-01-10T08:29:34","date_gmt":"2024-01-10T08:29:34","guid":{"rendered":"https:\/\/feb.si\/me\/?p=1669"},"modified":"2024-01-10T08:29:34","modified_gmt":"2024-01-10T08:29:34","slug":"parada-u-republici-srpskoj-od-nacionalistickih-pjesama-do-fasistickih-simbola","status":"publish","type":"post","link":"https:\/\/feb.si\/me\/blog\/2024\/01\/10\/parada-u-republici-srpskoj-od-nacionalistickih-pjesama-do-fasistickih-simbola\/","title":{"rendered":"Parada u Republici Srpskoj: od nacionalisti\u010dkih pjesama do fa\u0161isti\u010dkih simbola"},"content":{"rendered":"\n\n\n<p>U Republici Srpskoj ponovo je obilje\u017een dan bh. entiteta koji je Ustavni sud BiH, ali i EU i SAD proglasio neustavnim. Centralna sve\u010danost sa defileom i formacijom u \u010dast predsjednika Republike Srpske Milorada Dodika odr\u017eana je u Banjaluci. Dodik je na paradi najavio da \u0107e se i dalje slaviti uprkos protivljenju.<\/p>\n\n\n\n<p>Kako javlja Javna radio-televizija Republike Srpske (RTRS), na centralnoj sve\u010danosti uz defile i formaciju u\u010destvovalo je oko 3.000 pripadnika vojske, policije i javnih i dr\u017eavnih slu\u017ebenika ovog entiteta. &#8222;Danas slavimo na\u0161 dan, dan kada je nastala republika i po\u010dela svoj \u017eivot da bi slavila slobodu i narod koji ima pravo da na ovaj na\u010din slavi dan republike&#8220;, rekao je Milorad Dodik na defileu.<\/p>\n\n\n\n<p>Izvor: N1<\/p>\n","protected":false},"excerpt":{"rendered":"<p>U Republici Srpskoj ponovo je obilje\u017een dan bh. entiteta koji je Ustavni sud BiH, ali i EU i SAD proglasio neustavnim. Centralna sve\u010danost sa defileom i formacijom u \u010dast predsjednika Republike Srpske Milorada Dodika odr\u017eana je u Banjaluci. Dodik je na paradi najavio da \u0107e se i dalje slaviti uprkos protivljenju. Kako javlja Javna radio-televizija&#8230;<\/p>\n","protected":false},"author":2,"featured_media":0,"comment_status":"open","ping_status":"open","sticky":false,"template":"","format":"standard","meta":{"footnotes":""},"categories":[3],"tags":[],"class_list":["post-1669","post","type-post","status-publish","format-standard","hentry","category-aktuelno"],"_links":{"self":[{"href":"https:\/\/feb.si\/me\/wp-json\/wp\/v2\/posts\/1669"}],"collection":[{"href":"https:\/\/feb.si\/me\/wp-json\/wp\/v2\/posts"}],"about":[{"href":"https:\/\/feb.si\/me\/wp-json\/wp\/v2\/types\/post"}],"author":[{"embeddable":true,"href":"https:\/\/feb.si\/me\/wp-json\/wp\/v2\/users\/2"}],"replies":[{"embeddable":true,"href":"https:\/\/feb.si\/me\/wp-json\/wp\/v2\/comments?post=1669"}],"version-history":[{"count":1,"href":"https:\/\/feb.si\/me\/wp-json\/wp\/v2\/posts\/1669\/revisions"}],"predecessor-version":[{"id":1670,"href":"https:\/\/feb.si\/me\/wp-json\/wp\/v2\/posts\/1669\/revisions\/1670"}],"wp:attachment":[{"href":"https:\/\/feb.si\/me\/wp-json\/wp\/v2\/media?parent=1669"}],"wp:term":[{"taxonomy":"category","embeddable":true,"href":"https:\/\/feb.si\/me\/wp-json\/wp\/v2\/categories?post=1669"},{"taxonomy":"post_tag","embeddable":true,"href":"https:\/\/feb.si\/me\/wp-json\/wp\/v2\/tags?post=1669"}],"curies":[{"name":"wp","href":"https:\/\/api.w.org\/{rel}","templated":true}]}}