{"id":1675,"date":"2024-01-12T11:15:12","date_gmt":"2024-01-12T11:15:12","guid":{"rendered":"https:\/\/feb.si\/me\/?p=1675"},"modified":"2024-01-12T11:15:12","modified_gmt":"2024-01-12T11:15:12","slug":"sad-ce-prodati-rakete-kosovu-sta-vucic-kaze-na-to","status":"publish","type":"post","link":"https:\/\/feb.si\/me\/blog\/2024\/01\/12\/sad-ce-prodati-rakete-kosovu-sta-vucic-kaze-na-to\/","title":{"rendered":"SAD \u0107e prodati rakete Kosovu. \u0160ta Vu\u010di\u0107 ka\u017ee na to?"},"content":{"rendered":"\n<p><\/p>\n\n\n\n\n\n<p>Ambasador SAD u Beogradu Kristofer Hil obavestio je ju\u010de predsjednika Srbije Aleksandra Vu\u010di\u0107a da \u0107e SAD odobriti prodaju protivtenkovskih projektila Javelin Kosovu, \u0161to je zatra\u017eila Pri\u0161tina, saop\u0161teno je iz kabineta predsednika. Vu\u010di\u0107 je tu odluku nazvao velikim razo\u010darenjem za Srbiju.<\/p>\n\n\n\n<p>Predsjednik Srbije Aleksandar Vu\u010di\u0107 rekao je da je ova informacija veliko razo\u010darenje za Srbiju, koja \u0107e zajedno sa Sjedinjenim Ameri\u010dkim Dr\u017eavama raditi na o\u010duvanju odnosa dve zemlje. On je istakao da je za Beograd najva\u017enije o\u010duvanje mira u regionu i da \u0107e Srbija nastaviti da se pona\u0161a odgovorno i doprinosi stabilnosti na Balkanu.<\/p>\n\n\n\n<p>Izvor: Sta<\/p>\n","protected":false},"excerpt":{"rendered":"<p>Ambasador SAD u Beogradu Kristofer Hil obavestio je ju\u010de predsjednika Srbije Aleksandra Vu\u010di\u0107a da \u0107e SAD odobriti prodaju protivtenkovskih projektila Javelin Kosovu, \u0161to je zatra\u017eila Pri\u0161tina, saop\u0161teno je iz kabineta predsednika. Vu\u010di\u0107 je tu odluku nazvao velikim razo\u010darenjem za Srbiju. Predsjednik Srbije Aleksandar Vu\u010di\u0107 rekao je da je ova informacija veliko razo\u010darenje za Srbiju, koja&#8230;<\/p>\n","protected":false},"author":2,"featured_media":0,"comment_status":"open","ping_status":"open","sticky":false,"template":"","format":"standard","meta":{"footnotes":""},"categories":[3],"tags":[],"class_list":["post-1675","post","type-post","status-publish","format-standard","hentry","category-aktuelno"],"_links":{"self":[{"href":"https:\/\/feb.si\/me\/wp-json\/wp\/v2\/posts\/1675"}],"collection":[{"href":"https:\/\/feb.si\/me\/wp-json\/wp\/v2\/posts"}],"about":[{"href":"https:\/\/feb.si\/me\/wp-json\/wp\/v2\/types\/post"}],"author":[{"embeddable":true,"href":"https:\/\/feb.si\/me\/wp-json\/wp\/v2\/users\/2"}],"replies":[{"embeddable":true,"href":"https:\/\/feb.si\/me\/wp-json\/wp\/v2\/comments?post=1675"}],"version-history":[{"count":1,"href":"https:\/\/feb.si\/me\/wp-json\/wp\/v2\/posts\/1675\/revisions"}],"predecessor-version":[{"id":1676,"href":"https:\/\/feb.si\/me\/wp-json\/wp\/v2\/posts\/1675\/revisions\/1676"}],"wp:attachment":[{"href":"https:\/\/feb.si\/me\/wp-json\/wp\/v2\/media?parent=1675"}],"wp:term":[{"taxonomy":"category","embeddable":true,"href":"https:\/\/feb.si\/me\/wp-json\/wp\/v2\/categories?post=1675"},{"taxonomy":"post_tag","embeddable":true,"href":"https:\/\/feb.si\/me\/wp-json\/wp\/v2\/tags?post=1675"}],"curies":[{"name":"wp","href":"https:\/\/api.w.org\/{rel}","templated":true}]}}