{"id":1689,"date":"2024-01-15T09:15:06","date_gmt":"2024-01-15T09:15:06","guid":{"rendered":"https:\/\/feb.si\/me\/?p=1689"},"modified":"2024-01-15T09:20:26","modified_gmt":"2024-01-15T09:20:26","slug":"dacic-srbija-ne-zeli-rat-ali-kad-bi-to-htjela-kosovu-ne-bi-pomoglo-ni-milion-dzavelina","status":"publish","type":"post","link":"https:\/\/feb.si\/me\/blog\/2024\/01\/15\/dacic-srbija-ne-zeli-rat-ali-kad-bi-to-htjela-kosovu-ne-bi-pomoglo-ni-milion-dzavelina\/","title":{"rendered":"Da\u010di\u0107: Srbija ne \u017eeli rat, ali kad bi to htjela, Kosovu ne bi pomoglo ni milion \u201ed\u017eavelina\u201c"},"content":{"rendered":"\n\n\n<p>Ministar spoljnih poslova Srbije u tehni\u010dkom mandatu i predsjednik Socijalisti\u010dke partije Srbije (SPS)&nbsp;<strong>Ivica Da\u010di\u0107<\/strong>&nbsp;izjavio je da Srbija nema namjeru da vodi rat, ali kada bi to \u017eeljela \u2013 \u201cKosovu ne bi pomoglo ni milion \u2018d\u017eavelina&#8217;\u201d.<\/p>\n\n\n\n<p>On je u emisiji na TV Pink prokomentarisao i najavu ameri\u010dkog ambasadora<strong>&nbsp;Kristofera Hila<\/strong>&nbsp;da \u0107e SAD isporu\u010diti protivtenkovske sisteme \u201ed\u017eavelin\u201c Kosovu, prenosi Beta.<\/p>\n\n\n\n<p>Dodao je da je krajnje vrijeme da Srbija odlu\u010di da li je Kosovo njeno nacionalno pitanje ili nije.<\/p>\n\n\n\n<p>Komentari\u0161u\u0107i najavu isporuke protivoklopnih sistema \u201ed\u017eavelin\u201c Da\u010di\u0107 je rekao da se taj slu\u010daj ne mo\u017ee posmatrati izolovano. &#8222;Rije\u010d je o dugoro\u010dnom strate\u0161kom partnerstvu da se pomogne kosovska nezavisnost. Treba uzeti u obzir sve \u0161to se de\u0161avalo od 1999. godine. Pa ista ta Amerika, ali i drugi, je naoru\u017eavala OVK. I sada rade isto\u201c, rekao je Da\u010di\u0107.<\/p>\n\n\n\n<p>Izvor: Beta<\/p>\n","protected":false},"excerpt":{"rendered":"<p>Ministar spoljnih poslova Srbije u tehni\u010dkom mandatu i predsjednik Socijalisti\u010dke partije Srbije (SPS)&nbsp;Ivica Da\u010di\u0107&nbsp;izjavio je da Srbija nema namjeru da vodi rat, ali kada bi to \u017eeljela \u2013 \u201cKosovu ne bi pomoglo ni milion \u2018d\u017eavelina&#8217;\u201d. On je u emisiji na TV Pink prokomentarisao i najavu ameri\u010dkog ambasadora&nbsp;Kristofera Hila&nbsp;da \u0107e SAD isporu\u010diti protivtenkovske sisteme \u201ed\u017eavelin\u201c Kosovu,&#8230;<\/p>\n","protected":false},"author":2,"featured_media":0,"comment_status":"open","ping_status":"open","sticky":false,"template":"","format":"standard","meta":{"footnotes":""},"categories":[3],"tags":[],"class_list":["post-1689","post","type-post","status-publish","format-standard","hentry","category-aktuelno"],"_links":{"self":[{"href":"https:\/\/feb.si\/me\/wp-json\/wp\/v2\/posts\/1689"}],"collection":[{"href":"https:\/\/feb.si\/me\/wp-json\/wp\/v2\/posts"}],"about":[{"href":"https:\/\/feb.si\/me\/wp-json\/wp\/v2\/types\/post"}],"author":[{"embeddable":true,"href":"https:\/\/feb.si\/me\/wp-json\/wp\/v2\/users\/2"}],"replies":[{"embeddable":true,"href":"https:\/\/feb.si\/me\/wp-json\/wp\/v2\/comments?post=1689"}],"version-history":[{"count":2,"href":"https:\/\/feb.si\/me\/wp-json\/wp\/v2\/posts\/1689\/revisions"}],"predecessor-version":[{"id":1691,"href":"https:\/\/feb.si\/me\/wp-json\/wp\/v2\/posts\/1689\/revisions\/1691"}],"wp:attachment":[{"href":"https:\/\/feb.si\/me\/wp-json\/wp\/v2\/media?parent=1689"}],"wp:term":[{"taxonomy":"category","embeddable":true,"href":"https:\/\/feb.si\/me\/wp-json\/wp\/v2\/categories?post=1689"},{"taxonomy":"post_tag","embeddable":true,"href":"https:\/\/feb.si\/me\/wp-json\/wp\/v2\/tags?post=1689"}],"curies":[{"name":"wp","href":"https:\/\/api.w.org\/{rel}","templated":true}]}}