{"id":1854,"date":"2024-02-15T06:34:42","date_gmt":"2024-02-15T06:34:42","guid":{"rendered":"https:\/\/feb.si\/me\/?p=1854"},"modified":"2024-03-10T17:29:52","modified_gmt":"2024-03-10T17:29:52","slug":"rama-albanija-ce-stajati-uz-kosovo-ako-bude-trebalo-i-oruzjem","status":"publish","type":"post","link":"https:\/\/feb.si\/me\/blog\/2024\/02\/15\/rama-albanija-ce-stajati-uz-kosovo-ako-bude-trebalo-i-oruzjem\/","title":{"rendered":"Rama: Albanija \u0107e stajati uz Kosovo, ako bude trebalo i oru\u017ejem"},"content":{"rendered":"\n\n\n<p>Premijer Albanije Edi Rama rekao je da \u0107e Albanija stati u odbranu Kosova, i ako se iscrpe diplomatske opcije, i upotrijebi oru\u017eje.<\/p>\n\n\n\n<p>On je za pri\u0161tinsku televiziju ATV rekao da se moli da se opcija upotrebe oru\u017eja ne pojavi u stvarnosti, ali da \u0107e, ako do toga do\u0111e, Albanija definitivno stajati uz Kosovo.<\/p>\n\n\n\n<p>&#8222;Albanija je \u010dlanica NATO-a i geografski je entitet koji ima poseban odnos sa Kosovom, a svaki napad na Kosovo je napad na Albaniju. Sa druge strane, Kosovo nije samo i ima strate\u0161ke saveznike bez kojih ne bi moglo da postoji kao dr\u017eava&#8220;, kazao je on.<\/p>\n\n\n\n<p>Iz tog razloga, kako je rekao Rama &#8222;moramo razmi\u0161ljati o te\u017eini kosovskih saveznika&#8220;.<\/p>\n\n\n\n<p>Vir: Beta<\/p>\n","protected":false},"excerpt":{"rendered":"<p>Premijer Albanije Edi Rama rekao je da \u0107e Albanija stati u odbranu Kosova, i ako se iscrpe diplomatske opcije, i upotrijebi oru\u017eje. On je za pri\u0161tinsku televiziju ATV rekao da se moli da se opcija upotrebe oru\u017eja ne pojavi u stvarnosti, ali da \u0107e, ako do toga do\u0111e, Albanija definitivno stajati uz Kosovo. &#8222;Albanija je&#8230;<\/p>\n","protected":false},"author":2,"featured_media":0,"comment_status":"closed","ping_status":"open","sticky":false,"template":"","format":"standard","meta":{"footnotes":""},"categories":[3],"tags":[],"class_list":["post-1854","post","type-post","status-publish","format-standard","hentry","category-aktuelno"],"_links":{"self":[{"href":"https:\/\/feb.si\/me\/wp-json\/wp\/v2\/posts\/1854"}],"collection":[{"href":"https:\/\/feb.si\/me\/wp-json\/wp\/v2\/posts"}],"about":[{"href":"https:\/\/feb.si\/me\/wp-json\/wp\/v2\/types\/post"}],"author":[{"embeddable":true,"href":"https:\/\/feb.si\/me\/wp-json\/wp\/v2\/users\/2"}],"replies":[{"embeddable":true,"href":"https:\/\/feb.si\/me\/wp-json\/wp\/v2\/comments?post=1854"}],"version-history":[{"count":1,"href":"https:\/\/feb.si\/me\/wp-json\/wp\/v2\/posts\/1854\/revisions"}],"predecessor-version":[{"id":1855,"href":"https:\/\/feb.si\/me\/wp-json\/wp\/v2\/posts\/1854\/revisions\/1855"}],"wp:attachment":[{"href":"https:\/\/feb.si\/me\/wp-json\/wp\/v2\/media?parent=1854"}],"wp:term":[{"taxonomy":"category","embeddable":true,"href":"https:\/\/feb.si\/me\/wp-json\/wp\/v2\/categories?post=1854"},{"taxonomy":"post_tag","embeddable":true,"href":"https:\/\/feb.si\/me\/wp-json\/wp\/v2\/tags?post=1854"}],"curies":[{"name":"wp","href":"https:\/\/api.w.org\/{rel}","templated":true}]}}