{"id":1882,"date":"2024-02-27T08:47:40","date_gmt":"2024-02-27T08:47:40","guid":{"rendered":"https:\/\/feb.si\/me\/?p=1882"},"modified":"2024-03-10T17:29:52","modified_gmt":"2024-03-10T17:29:52","slug":"neizvjesna-politicka-putanja-crnogorske-vlade","status":"publish","type":"post","link":"https:\/\/feb.si\/me\/blog\/2024\/02\/27\/neizvjesna-politicka-putanja-crnogorske-vlade\/","title":{"rendered":"Neizvjesna politi\u010dka putanja\u00a0crnogorske vlade"},"content":{"rendered":"\n\n\n<p><em>Aktuelna crnogorska vlada je do\u017eivjela i pre\u017eivjela prvih 100 dana postojanja. Iako je premijer Milojko Spaji\u0107 vi\u0161e nego zadovoljan njenim radom, odmah su krenule pri\u010de o njenoj rekonstrukciji. Name\u0107e se pitanje za\u0161to treba \u017euriti sa rekonstruisanjem ne\u010dega \u0161to daje tako dobre rezultate? Da li rekonstrukcija mo\u017ee zna\u010diti i kreiranje neke druga\u010dije Crne Gore na osnovu &#8216;instrukcija&#8217; sa strane? Podsjetimo, rekonstrukcijom vlade Crne Gore \u0107e partije koje se zasnivaju na proruskom i prosrpskom uticaju dobiti vi\u0161e pozicija u svim nivoima izvr\u0161ne vlasti. U pojedinim op\u0161tinama gdje ve\u0107 imaju vlast, gra\u0111ani Crne Gore su svjedoci, da se rekonstrui\u0161e cjelokupno crnogorsko postojanje na osnovu istorije ili legendi Srbije. Slave se praznici Srbije sa svim dr\u017eavnim obilje\u017ejima. Zato rekonstrukcija vlade mora biti u duhu o\u010duvanja gra\u0111anskog karkatera Crne Gore,  \u0161to je jednako va\u017eno koliko i zatvaranje aktuelnih poglavlja za ulazak u EU.<\/em> <\/p>\n\n\n\n<p><strong>Proevropski kurs Crne Gore u prvih 100 dana nove vlade<\/strong><\/p>\n\n\n<div class=\"wp-block-image\">\n<figure class=\"alignleft size-full\"><img loading=\"lazy\" decoding=\"async\" width=\"267\" height=\"118\" src=\"http:\/\/feb.si\/me\/wp-content\/uploads\/sites\/2\/2023\/11\/Posnetek-zaslona-2023-10-16-152650-3.jpg\" alt=\"\" class=\"wp-image-1435\"\/><\/figure><\/div>\n\n\n<p>Prema dosada\u0161njim &#8211; zvani\u010dnim potezima mo\u017ee se zaklju\u010diti da Vlada ostaje na poziciji politike proevropske Crne Gore. To je potvr\u0111eno i me\u0111uvladinom konferencijom Crne Gore i EU-e koja je odr\u017eana krajem januara, kada je i Evropska komisija istakla da je u Crnoj Gori napravljen odre\u0111eni progres.<br>Prema analizi Centra za demokratsku tranziciju iz Podgorice zvani\u010dna Vladina politika i resorni ministri za vanjske poslove i odbranu su se i po pitanju odnosa prema NATO dr\u017eali onoga \u0161to je zacrtano u ekspozeu mandatara &#8211; \u201c<em>nastavi\u0107emo da sprovodimo sve obaveze koje proisti\u010du iz \u010dlanstva, NATO je posve\u0107en dugoro\u010dnoj stabilnosti i bezbjednosti regiona<\/em>\u201d. Premijer Milojko Spaji\u0107 se tako od oktobra dva puta sastao sa generalnim sekretarom NATO Jensom Stoltenbergom i istakao da Crna Gora ima evroatlantsku Vladu odlu\u010dnu da bude sna\u017ean oslonac NATO.<br>Ipak ja\u010danje pozicije Crne Gore u evropskom prostoru jo\u0161 uvijek ne prati njena diplomatska mre\u017ea koja je u jako lo\u0161em stanju. Crnogorska vlada to jo\u0161 uvijek nije uzela kao prioritet, tako da i dalje nisu pokrenute procedure za imenovanje ambasadora. Najdalje se do\u0161lo sa imenovanjem generalnog sekretara odnosno sekretarke crnogorskog Ministarstva vanjskih poslova. Crna Gora nema ambasadora u Stalnoj misiji pri UN u Njujorku ve\u0107 dvije i po godine. Pola godine je i bez ambasadora pri NATO, dok dvije godine u ovom savezu nema ni vojnog predstavnika. Kad su u pitanju bilateralna predstavni\u0161tva, rezidentne ambasadore Crna Gora ima samo u pet zemalja (Belgija, Francuska, Gr\u010dka, Italija i Turska), dok ve\u0107ina ambasada djeluje na nivou otpravnika poslova, primje\u0107uju u analizi Centra za demokratsku tranziciju (CDT).<br><br><strong>Rekonstrukcija vlade<\/strong><br><br>Ipak ono \u0161to zabrinjava i postavlja pitanje koliko je vlada zaista stabilna, je evidentan svakodnevni pritisak jednog od biv\u0161ih lidera Demokratskog Fronta i predsjednika skup\u0161tine Crne Gore Andrije Mandi\u0107a da se \u0161to prije izvr\u0161i rekonstrukcija Vlade. To bi koalicjii prosrpskih stranaka &#8216;Za budu\u0107nost Crne Gore&#8217; donijelo pozicije na svim nivoima u izvr\u0161noj vlasti te realizovalo ono \u0161to su njihovi politi\u010dki i partijski ciljevi. Koliko to neminovna politi\u010dka heterogenost Vlade koju bi sa\u010dinjavale i antinatovske i proruske snage mo\u017ee da ulije nadu crnogorskim gra\u0111anima o boljoj i mirnijoj budu\u0107nosti Crne Gore? I za\u0161to se intenzivira pri\u010da o izmjenama sastava vlade, ako je ona prema koalicionom sporazumu bila planirana za jesen 2024 godine? Za\u0161to se koaliciji toliko \u017euri? Da li to predstalja signal nezadovoljstva radom pojedinih resora ili mogu\u0107ih negativnih politi\u010dkih odnosa unutar ove koalicije?<br><br>Predsjednik Skup\u0161tine Crne Gore Andrija Mandi\u0107, tvrdi suprotno, smatra da je premijer Milojko Spaji\u0107 upravo zbog dobrih rezultata parlamenta i Vlade spreman da se taj proces zavr\u0161i i ranije. <\/p>\n\n\n\n<p><br>&#8216;<strong>Prijatelje dr\u017eite blizu, a neprijatelje jo\u0161 bli\u017ee&#8217;<\/strong><\/p>\n\n\n<div class=\"wp-block-image\">\n<figure class=\"alignleft size-full\"><img loading=\"lazy\" decoding=\"async\" width=\"267\" height=\"118\" src=\"http:\/\/feb.si\/me\/wp-content\/uploads\/sites\/2\/2023\/11\/Posnetek-zaslona-2023-10-16-152650-3.jpg\" alt=\"\" class=\"wp-image-1435\"\/><\/figure><\/div>\n\n\n<p>Stav premijera Milojka Spaji\u0107a, koji je jedini ovla\u0161\u0107en da predlo\u017ei rekonstrukciju, datum kada \u0107e se realizovati, te da li \u0107e biti fazna ili kompletna jo\u0161 uvijek nije do kraja jasan. Na pitanje da li je mogu\u0107e da rekonstrukcija Vlade bude ve\u0107 u aprilu i \u0161ta bi ona podrzumijevala, Spaji\u0107 je rekao da ti narativi ne vode ra\u010duna o interesima gra\u0111ana Crne Gore. <\/p>\n\n\n<div class=\"wp-block-image\">\n<figure class=\"alignleft size-full is-resized\"><img loading=\"lazy\" decoding=\"async\" src=\"https:\/\/feb.si\/me\/wp-content\/uploads\/sites\/2\/2024\/02\/360273_podgorica-milojko-spajic-1111-foto-vlada-crne-gore_f.jpg\" alt=\"\" class=\"wp-image-1911\" width=\"458\" height=\"258\" srcset=\"https:\/\/feb.si\/me\/wp-content\/uploads\/sites\/2\/2024\/02\/360273_podgorica-milojko-spajic-1111-foto-vlada-crne-gore_f.jpg 906w, https:\/\/feb.si\/me\/wp-content\/uploads\/sites\/2\/2024\/02\/360273_podgorica-milojko-spajic-1111-foto-vlada-crne-gore_f-300x170.jpg 300w, https:\/\/feb.si\/me\/wp-content\/uploads\/sites\/2\/2024\/02\/360273_podgorica-milojko-spajic-1111-foto-vlada-crne-gore_f-768x435.jpg 768w\" sizes=\"(max-width: 458px) 100vw, 458px\" \/><figcaption class=\"wp-element-caption\">Stav premijera Milojka Spaji\u0107a, koji je jedini ovla\u0161\u0107en da predlo\u017ei rekonstrukciju, datum kada \u0107e se realizovati, te da li \u0107e biti fazna ili kompletna jo\u0161 uvijek nije do kraja jasan<\/figcaption><\/figure><\/div>\n\n\n<p>&#8222;<em>Kada ve\u0107 govorimo o rekonstrukcijama, onda treba vi\u0161e ra\u010duna da se povede oko rekonstrukcija aerodroma, puteva, infrastrukture itd. Rekonstrukcija Vlade je jedna politi\u010dka stvar koja \u0107e se definitivno desiti i mi smo sve to definisali Sporazumom. Ne razumijem za\u0161to svakih deset dana moramo da raspravljamo o tome, ali u redu, ja sam se izjasnio da \u017eelim sve konstituente parlamentarne ve\u0107ine u izvr\u0161noj vlasti upravo radi preuzimanja odgovornosti i ulazak u neku vrstu odgovornog odnosa prema dr\u017eavi i gra\u0111anima<\/em>,&#8220; komentarisao je Spaji\u0107.<br>Ono o \u010demu se spekuli\u0161e u politi\u010dkoj javnosti da li se vlada mo\u017ee rekonksruisati i sa opozicionim strankama poput Demokratske partije socijalista, \u0161to se, prema informacijama sagovornika FEB-a, pri\u017eeljkuje i u jednom dijelu PES-a.<br>I dok su potpisnici koalicionog Sporazuma kategori\u010dni da u vladu mogu u\u0107i samo oni kao potpisnici, te da politi\u010dki subjekti izvan sporazuma nijesu i ne mogu biti pozvani, sagovornici FEB-a kao jednu od mogu\u0107nosti u politi\u010dkoj igri rekonstrukcije 44. Vlade, navode i druga\u010diji scenario, po kojem Spaji\u0107 odla\u017ee osvje\u017eenje kabineta sve do kongresa Pokreta Evropa sad i razlaza sa strujom predsjednika Crne Gore Jakova Milatovi\u0107a koji dijeli i stavove i vrijednosti proruskog i prosrpskog nekada\u0161njeg Demokratskog Fronta. Na kongres Pokreta Evropa sad ipak ne treba \u010dekati jer je tokom vikenda, ta\u010dnije 24. februara predsjednik Crne Gore i jedan od osniva\u010da PES-a odstupio sa svih polo\u017eaja, u svojoj do ju\u010de stranci, koju je 2022.godine osnovao sa aktuelnim premijerom Milojkom Spaji\u0107em. <\/p>\n\n\n\n<p><strong>Politi\u010dka heteregonost Vlade<\/strong><\/p>\n\n\n<div class=\"wp-block-image\">\n<figure class=\"alignleft size-full\"><img loading=\"lazy\" decoding=\"async\" width=\"267\" height=\"118\" src=\"http:\/\/feb.si\/me\/wp-content\/uploads\/sites\/2\/2023\/11\/Posnetek-zaslona-2023-10-16-152650-3.jpg\" alt=\"\" class=\"wp-image-1435\"\/><\/figure><\/div>\n\n\n<p>Kako isti\u010du sagovornici FEB-a, jedan dio PES-a je naklonjen ulasku Demokratske partije Socijalista i ostalih opozicionih stranaka, makar u formi manjinske podr\u0161ke. To je indirektno sugerisao i sam Spaji\u0107 koji je na pitanje da li je mogu\u0107e da rekonstrukcijom i neke partije koje nijesu potpisnice Sporazuma postanu dio izvr\u0161ne vlasti, Spaji\u0107 rekao da je <em>&#8222;pobornik toga, da nam treba \u0161to \u0161iri krug partija, lidera, da se priklju\u010de ovom pokretu, koji je evropski pokret, u nekom ideolo\u0161kom smislu<\/em>&#8222;.<br>Sama politi\u010dka heterogenost Vlade, dodatno poreme\u0107ena sa potencijalno iznu\u0111enom rekonstrukcijom,  postavlja pitanje, koliko je zaista realno o\u010dekivati stabilan nastavak rada 44. Vlade, te koliko ona mo\u017ee biti funkcionalna.<br>Kako je mogu\u0107e da dvije potpuno razli\u010dite ideologije budu uklju\u010dene u izvr\u0161noj vlasti? Da budu ravnopravne i da ne isklju\u010duju jedna drugu? Koja \u0107e prevagnuti? Put Crne Gore ka \u010dlanstvu u EU-i, i evropskim vrijednostima, ili put Crne Gore koja temelji na vrijednostima velikosrpske politike? Zato o\u010duvanje gra\u0111anskog karaktera Crne Gore i dalje mora ostati u \u017ei\u017ei interesovanja politi\u010dke i \u0161ire javnosti Crne Gore i biti jednako va\u017eno pitanje kao i zatvaranje poglavlja za njen ulazak u EU.<\/p>\n","protected":false},"excerpt":{"rendered":"<p>Aktuelna crnogorska vlada je do\u017eivjela i pre\u017eivjela prvih 100 dana postojanja. Iako je premijer Milojko Spaji\u0107 vi\u0161e nego zadovoljan njenim radom, odmah su krenule pri\u010de o njenoj rekonstrukciji. Name\u0107e se pitanje za\u0161to treba \u017euriti sa rekonstruisanjem ne\u010dega \u0161to daje tako dobre rezultate? Da li rekonstrukcija mo\u017ee zna\u010diti i kreiranje neke druga\u010dije Crne Gore na osnovu&#8230;<\/p>\n","protected":false},"author":2,"featured_media":1885,"comment_status":"closed","ping_status":"open","sticky":false,"template":"","format":"standard","meta":{"footnotes":""},"categories":[2],"tags":[],"class_list":["post-1882","post","type-post","status-publish","format-standard","has-post-thumbnail","hentry","category-analize"],"_links":{"self":[{"href":"https:\/\/feb.si\/me\/wp-json\/wp\/v2\/posts\/1882"}],"collection":[{"href":"https:\/\/feb.si\/me\/wp-json\/wp\/v2\/posts"}],"about":[{"href":"https:\/\/feb.si\/me\/wp-json\/wp\/v2\/types\/post"}],"author":[{"embeddable":true,"href":"https:\/\/feb.si\/me\/wp-json\/wp\/v2\/users\/2"}],"replies":[{"embeddable":true,"href":"https:\/\/feb.si\/me\/wp-json\/wp\/v2\/comments?post=1882"}],"version-history":[{"count":38,"href":"https:\/\/feb.si\/me\/wp-json\/wp\/v2\/posts\/1882\/revisions"}],"predecessor-version":[{"id":1926,"href":"https:\/\/feb.si\/me\/wp-json\/wp\/v2\/posts\/1882\/revisions\/1926"}],"wp:featuredmedia":[{"embeddable":true,"href":"https:\/\/feb.si\/me\/wp-json\/wp\/v2\/media\/1885"}],"wp:attachment":[{"href":"https:\/\/feb.si\/me\/wp-json\/wp\/v2\/media?parent=1882"}],"wp:term":[{"taxonomy":"category","embeddable":true,"href":"https:\/\/feb.si\/me\/wp-json\/wp\/v2\/categories?post=1882"},{"taxonomy":"post_tag","embeddable":true,"href":"https:\/\/feb.si\/me\/wp-json\/wp\/v2\/tags?post=1882"}],"curies":[{"name":"wp","href":"https:\/\/api.w.org\/{rel}","templated":true}]}}