{"id":1933,"date":"2024-02-29T11:51:25","date_gmt":"2024-02-29T11:51:25","guid":{"rendered":"https:\/\/feb.si\/me\/?p=1933"},"modified":"2024-03-22T10:04:38","modified_gmt":"2024-03-22T10:04:38","slug":"marko-sladojevic-potrebno-je-zaustaviti-iseljavanje-iz-zemalja-zapadnog-balkana","status":"publish","type":"post","link":"https:\/\/feb.si\/me\/blog\/2024\/02\/29\/marko-sladojevic-potrebno-je-zaustaviti-iseljavanje-iz-zemalja-zapadnog-balkana\/","title":{"rendered":"Marko Sladojevi\u0107: potrebno je zaustaviti iseljavanje iz zemalja Zapadnog Balkana"},"content":{"rendered":"\n\n\n<p>Forum za evropski Balkan, koji od osnivanja ostaje prvr\u017een otvorenom dijalogu, razmjeni mi\u0161ljenja i iskustava, je ove sedmice posjetio ljubljanski advokat srpskih korijena Marko Sladojevi\u0107. Marko Sladojevi\u0107 je jedan od osniva\u010da Saveza Srba Slovenije, gdje se, pored svog uspje\u0161nog rada, sna\u017eno anga\u017eovao i na polju ja\u010danja prijateljskih odnosa, a prije svega unaprije\u0111enja kulturnih i ekonomskih veza izme\u0111u Slovenaca i Srba. Na osnovu vi\u0161egodi\u0161njeg rada u Holandiji, gdje je i doktorirao, u\u010destvovao je u osnivanju slovena\u010dko-holandskog poslovnog kluba SDBP, gdje je i danas aktivan. <\/p>\n\n\n\n<p>Forum za evropski Balkan nastoji da direktnim uklju\u010divanjem u poslovno okru\u017eenje postane vrijedan izvor informacija za kompanije koje \u017eele prodrijeti na balkansko ili slovena\u010dko tr\u017ei\u0161te.<\/p>\n\n\n<div class=\"wp-block-image\">\n<figure class=\"alignleft size-large is-resized\"><img loading=\"lazy\" decoding=\"async\" src=\"https:\/\/feb.si\/me\/wp-content\/uploads\/sites\/2\/2024\/02\/Picture1-1024x931.jpg\" alt=\"\" class=\"wp-image-1937\" width=\"449\" height=\"408\" srcset=\"https:\/\/feb.si\/me\/wp-content\/uploads\/sites\/2\/2024\/02\/Picture1-1024x931.jpg 1024w, https:\/\/feb.si\/me\/wp-content\/uploads\/sites\/2\/2024\/02\/Picture1-300x273.jpg 300w, https:\/\/feb.si\/me\/wp-content\/uploads\/sites\/2\/2024\/02\/Picture1-768x698.jpg 768w, https:\/\/feb.si\/me\/wp-content\/uploads\/sites\/2\/2024\/02\/Picture1-1536x1397.jpg 1536w, https:\/\/feb.si\/me\/wp-content\/uploads\/sites\/2\/2024\/02\/Picture1.jpg 1645w\" sizes=\"(max-width: 449px) 100vw, 449px\" \/><figcaption class=\"wp-element-caption\"><em>Marko Sladojevi\u0107 je jedan od osniva\u010da Saveza Srba Slovenije, gdje se, pored svog uspje\u0161nog rada, sna\u017eno anga\u017eovao i na polju ja\u010danja prijateljskih odnosa, a prije svega unaprije\u0111enja kulturnih i ekonomskih veza izme\u0111u Slovenaca i Srba. <\/em><\/figcaption><\/figure><\/div>\n\n\n<p>Na\u0161 gost vidi dodatnu vrijednost u radu FEB-a, odnosno vjeruje da se FEB mo\u017ee obratiti odre\u0111enoj ciljnoj grupi sa Balkana, koja je spremna da sukreira poslovnu mre\u017eu i \u0161iri poslovne ideje. Kako ka\u017ee, preko FEB-a se mogu povezati agilni, dinami\u010dni privrednici koji vjeruju u ekonomsku integraciju ovog podru\u010dja. Sladojevi\u0107 je istovremeno istakao da je imperativ unaprije\u0111enje vladavine prava i podizanje kvaliteta \u017eivota na Zapadnom Balkanu. To je, kako je rekao, jedini na\u010din da se zaustavi iseljavanje iz zemalja Zapadnog Balkana. Marko Sladojevi\u0107 je dobar poznavalac problema sa kojima se suo\u010davaju zemlje na Balkanu, zato nam je njegova posjeta bila dragocjena.<\/p>\n","protected":false},"excerpt":{"rendered":"<p>Forum za evropski Balkan, koji od osnivanja ostaje prvr\u017een otvorenom dijalogu, razmjeni mi\u0161ljenja i iskustava, je ove sedmice posjetio ljubljanski advokat srpskih korijena Marko Sladojevi\u0107. Marko Sladojevi\u0107 je jedan od osniva\u010da Saveza Srba Slovenije, gdje se, pored svog uspje\u0161nog rada, sna\u017eno anga\u017eovao i na polju ja\u010danja prijateljskih odnosa, a prije svega unaprije\u0111enja kulturnih i ekonomskih&#8230;<\/p>\n","protected":false},"author":2,"featured_media":1937,"comment_status":"closed","ping_status":"open","sticky":false,"template":"","format":"standard","meta":{"footnotes":""},"categories":[9],"tags":[],"class_list":["post-1933","post","type-post","status-publish","format-standard","has-post-thumbnail","hentry","category-dogadaji"],"_links":{"self":[{"href":"https:\/\/feb.si\/me\/wp-json\/wp\/v2\/posts\/1933"}],"collection":[{"href":"https:\/\/feb.si\/me\/wp-json\/wp\/v2\/posts"}],"about":[{"href":"https:\/\/feb.si\/me\/wp-json\/wp\/v2\/types\/post"}],"author":[{"embeddable":true,"href":"https:\/\/feb.si\/me\/wp-json\/wp\/v2\/users\/2"}],"replies":[{"embeddable":true,"href":"https:\/\/feb.si\/me\/wp-json\/wp\/v2\/comments?post=1933"}],"version-history":[{"count":7,"href":"https:\/\/feb.si\/me\/wp-json\/wp\/v2\/posts\/1933\/revisions"}],"predecessor-version":[{"id":1943,"href":"https:\/\/feb.si\/me\/wp-json\/wp\/v2\/posts\/1933\/revisions\/1943"}],"wp:featuredmedia":[{"embeddable":true,"href":"https:\/\/feb.si\/me\/wp-json\/wp\/v2\/media\/1937"}],"wp:attachment":[{"href":"https:\/\/feb.si\/me\/wp-json\/wp\/v2\/media?parent=1933"}],"wp:term":[{"taxonomy":"category","embeddable":true,"href":"https:\/\/feb.si\/me\/wp-json\/wp\/v2\/categories?post=1933"},{"taxonomy":"post_tag","embeddable":true,"href":"https:\/\/feb.si\/me\/wp-json\/wp\/v2\/tags?post=1933"}],"curies":[{"name":"wp","href":"https:\/\/api.w.org\/{rel}","templated":true}]}}