{"id":1944,"date":"2024-03-01T11:48:43","date_gmt":"2024-03-01T11:48:43","guid":{"rendered":"https:\/\/feb.si\/me\/?p=1944"},"modified":"2024-03-10T17:29:52","modified_gmt":"2024-03-10T17:29:52","slug":"1944","status":"publish","type":"post","link":"https:\/\/feb.si\/me\/blog\/2024\/03\/01\/1944\/","title":{"rendered":"Lideri Zapadnog Balkana o zajedni\u010dkom pribli\u017eavanju Evropskoj uniji"},"content":{"rendered":"\n\n\n<p>Lideri zemalja zapadnog Balkana &#8211; Albanije, Bosne i Hercegovine, Crne Gore, Kosova, Sjeverne Makedonije i Srbije &#8211; izrazili su na samitu u Tirani spremnost da ubrzaju ekonomske reforme kako bi dobili pomo\u0107 od \u0161est milijardi eura Evropske unije, \u0161to je dio plana EU za ekonomski rast koji je pokrenut pro\u0161log oktobra.<\/p>\n\n\n\n<p>Brisel je prije \u010detiri mjeseca najavio plan ekonomskog rasta koji bi za deset godina trebalo da doprinese udvostru\u010davanju privrede Zapadnog Balkana i ve\u0107oj ekonomskoj saradnji zemalja.<\/p>\n\n\n\n<p>Plan EU je da se osigura bolji pristup \u0161est zemalja regiona jedinstvenom evropskom tr\u017ei\u0161tu, omogo\u0107i bli\u017ea ekonomska saradnja u regionu u sedam oblasti, dalje, sprovo\u0111enje reformi, kao i finansijska podr\u0161ka EU u vidu sredstava za investicije i reforme.<\/p>\n\n\n\n<p>Lideri \u0161est zemalja slo\u017eili su se da do kraja godine smanje tro\u0161kove finansijskih transakcija u regionu, \u0161to je prvi korak ka jedinstvenom tr\u017ei\u0161tu EU.<\/p>\n\n\n\n<p>Paket finansijske pomo\u0107i EU za sprovo\u0111enje reformi i investicija iznosi \u0161est milijardi eura, od \u010dega su dvije milijarde grantovi i \u010detiri milijarde krediti, a finansiranje \u0107e zavisiti od uspje\u0161ne implementacije reformi.<\/p>\n\n\n\n<p>Zauzvrat, zemlje moraju sprovesti reforme i rije\u0161iti sva otvorena pitanja sa svojim susjedima. &#8216;<em>Nije va\u017eno kakve politi\u010dke probleme imamo jedni s drugima, jer je Evropska unija spremna da nas podr\u017ei<\/em>&#8216;, rekao je albanski premijer Edi Rama. <\/p>\n\n\n\n<p>Na konferenciji za novinare nakon zavr\u0161etka samita, Rama je ocijenio da su prvi put na Zapadnom Balkanu saglasni da EU poku\u0161ava im se pribli\u017ei, da podr\u017ei njihov ekonomski rast i integraciju.<br>\u200b<\/p>\n","protected":false},"excerpt":{"rendered":"<p>Lideri zemalja zapadnog Balkana &#8211; Albanije, Bosne i Hercegovine, Crne Gore, Kosova, Sjeverne Makedonije i Srbije &#8211; izrazili su na samitu u Tirani spremnost da ubrzaju ekonomske reforme kako bi dobili pomo\u0107 od \u0161est milijardi eura Evropske unije, \u0161to je dio plana EU za ekonomski rast koji je pokrenut pro\u0161log oktobra. Brisel je prije \u010detiri&#8230;<\/p>\n","protected":false},"author":2,"featured_media":0,"comment_status":"closed","ping_status":"open","sticky":false,"template":"","format":"standard","meta":{"footnotes":""},"categories":[3],"tags":[],"class_list":["post-1944","post","type-post","status-publish","format-standard","hentry","category-aktuelno"],"_links":{"self":[{"href":"https:\/\/feb.si\/me\/wp-json\/wp\/v2\/posts\/1944"}],"collection":[{"href":"https:\/\/feb.si\/me\/wp-json\/wp\/v2\/posts"}],"about":[{"href":"https:\/\/feb.si\/me\/wp-json\/wp\/v2\/types\/post"}],"author":[{"embeddable":true,"href":"https:\/\/feb.si\/me\/wp-json\/wp\/v2\/users\/2"}],"replies":[{"embeddable":true,"href":"https:\/\/feb.si\/me\/wp-json\/wp\/v2\/comments?post=1944"}],"version-history":[{"count":6,"href":"https:\/\/feb.si\/me\/wp-json\/wp\/v2\/posts\/1944\/revisions"}],"predecessor-version":[{"id":1951,"href":"https:\/\/feb.si\/me\/wp-json\/wp\/v2\/posts\/1944\/revisions\/1951"}],"wp:attachment":[{"href":"https:\/\/feb.si\/me\/wp-json\/wp\/v2\/media?parent=1944"}],"wp:term":[{"taxonomy":"category","embeddable":true,"href":"https:\/\/feb.si\/me\/wp-json\/wp\/v2\/categories?post=1944"},{"taxonomy":"post_tag","embeddable":true,"href":"https:\/\/feb.si\/me\/wp-json\/wp\/v2\/tags?post=1944"}],"curies":[{"name":"wp","href":"https:\/\/api.w.org\/{rel}","templated":true}]}}