{"id":1963,"date":"2024-03-06T08:29:17","date_gmt":"2024-03-06T08:29:17","guid":{"rendered":"https:\/\/feb.si\/me\/?p=1963"},"modified":"2024-03-10T17:29:52","modified_gmt":"2024-03-10T17:29:52","slug":"baerbock-u-posjeti-sarajevu-samo-kompletna-bih-moze-uci-u-eu","status":"publish","type":"post","link":"https:\/\/feb.si\/me\/blog\/2024\/03\/06\/baerbock-u-posjeti-sarajevu-samo-kompletna-bih-moze-uci-u-eu\/","title":{"rendered":"Baerbock u posjeti Sarajevu: Samo kompletna BiH mo\u017ee u\u0107i u EU"},"content":{"rendered":"\n\n\n<p>Njema\u010dka ministarka vanjskih poslova Annalena Baerbock posjetila je Sarajevo i pozvala Bosnu i Hercegovinu da iskoristi istorijsku priliku za po\u010detak pristupnih pregovora s EU i nastavak implementacije reformi. Upozorila je da samo kompletna BiH mo\u017ee u\u0107i u EU i da \u0107e sve secesionisti\u010dke tendencije biti sprije\u010dene.<\/p>\n\n\n\n<p>O tome je posebno razgovarala sa srpskim \u010dlanom Predsjedni\u0161tva BiH \u017deljkom Cvijanovi\u0107. Ona je tako\u0111e upozorila da \u0107e &#8222;secesionisti\u010dke fantazije&#8220; biti jasno otkrivene i sprije\u010dene.<\/p>\n\n\n\n<p>Baerbock je posjetila Sarajevo odmah nakon \u0161to su se tamo boravili i ministri vanjskih poslova Austrije i Italije Alexander Schallenberg i Antonio Tajani. Obojica su, kao i njihova njema\u010dka koleginica, pozvali BiH da iskoristi priliku da usvoji potrebne zakone i tako osigura po\u010detak pristupnih pregovora sa EU u martu.<\/p>\n","protected":false},"excerpt":{"rendered":"<p>Njema\u010dka ministarka vanjskih poslova Annalena Baerbock posjetila je Sarajevo i pozvala Bosnu i Hercegovinu da iskoristi istorijsku priliku za po\u010detak pristupnih pregovora s EU i nastavak implementacije reformi. Upozorila je da samo kompletna BiH mo\u017ee u\u0107i u EU i da \u0107e sve secesionisti\u010dke tendencije biti sprije\u010dene. O tome je posebno razgovarala sa srpskim \u010dlanom Predsjedni\u0161tva&#8230;<\/p>\n","protected":false},"author":2,"featured_media":0,"comment_status":"closed","ping_status":"open","sticky":false,"template":"","format":"standard","meta":{"footnotes":""},"categories":[3],"tags":[],"class_list":["post-1963","post","type-post","status-publish","format-standard","hentry","category-aktuelno"],"_links":{"self":[{"href":"https:\/\/feb.si\/me\/wp-json\/wp\/v2\/posts\/1963"}],"collection":[{"href":"https:\/\/feb.si\/me\/wp-json\/wp\/v2\/posts"}],"about":[{"href":"https:\/\/feb.si\/me\/wp-json\/wp\/v2\/types\/post"}],"author":[{"embeddable":true,"href":"https:\/\/feb.si\/me\/wp-json\/wp\/v2\/users\/2"}],"replies":[{"embeddable":true,"href":"https:\/\/feb.si\/me\/wp-json\/wp\/v2\/comments?post=1963"}],"version-history":[{"count":3,"href":"https:\/\/feb.si\/me\/wp-json\/wp\/v2\/posts\/1963\/revisions"}],"predecessor-version":[{"id":1966,"href":"https:\/\/feb.si\/me\/wp-json\/wp\/v2\/posts\/1963\/revisions\/1966"}],"wp:attachment":[{"href":"https:\/\/feb.si\/me\/wp-json\/wp\/v2\/media?parent=1963"}],"wp:term":[{"taxonomy":"category","embeddable":true,"href":"https:\/\/feb.si\/me\/wp-json\/wp\/v2\/categories?post=1963"},{"taxonomy":"post_tag","embeddable":true,"href":"https:\/\/feb.si\/me\/wp-json\/wp\/v2\/tags?post=1963"}],"curies":[{"name":"wp","href":"https:\/\/api.w.org\/{rel}","templated":true}]}}