{"id":1974,"date":"2024-03-08T15:40:43","date_gmt":"2024-03-08T15:40:43","guid":{"rendered":"https:\/\/feb.si\/me\/?p=1974"},"modified":"2024-03-10T17:29:52","modified_gmt":"2024-03-10T17:29:52","slug":"1974","status":"publish","type":"post","link":"https:\/\/feb.si\/me\/blog\/2024\/03\/08\/1974\/","title":{"rendered":"\u201cIstorijski posao\u201d: Srbija i BiH u prvi zajedni\u010dki projekat nakon Daytonskog sporazuma"},"content":{"rendered":"\n\n\n<p>Srbija i Bosna i Hercegovina (BiH) planiraju zajedni\u010dki da obnove \u017eeljezni\u010dku prugu izme\u0111u Beograda i Sarajeva, objavila je u vlada u Beogradu, prenose srpski mediji. Naglasili su da je to prvi zajedni\u010dki projekat zemalja nakon Dejtonskog sporazuma, koji \u0107e omogu\u0107iti razvoj privrednih aktivnosti.<\/p>\n\n\n\n<p>&#8222;<em>Mislim da je to veliki i istorijski dogovor koji \u0107e omogu\u0107iti da Srbija i BiH \u017eive zajedno, da se otklone sve prepreke, da ljudi slobodno rade i da se dvije zemlje slobodno razvijaju<\/em>&#8222;, rekao je nakon sastanka sa ministrom saobra\u0107aja BiH Edinom Fortom, srbijanski ministar gra\u0111evinarstva, saobra\u0107aja i infrastrukture Goran Vesi\u0107.<\/p>\n","protected":false},"excerpt":{"rendered":"<p>Srbija i Bosna i Hercegovina (BiH) planiraju zajedni\u010dki da obnove \u017eeljezni\u010dku prugu izme\u0111u Beograda i Sarajeva, objavila je u vlada u Beogradu, prenose srpski mediji. Naglasili su da je to prvi zajedni\u010dki projekat zemalja nakon Dejtonskog sporazuma, koji \u0107e omogu\u0107iti razvoj privrednih aktivnosti. &#8222;Mislim da je to veliki i istorijski dogovor koji \u0107e omogu\u0107iti da&#8230;<\/p>\n","protected":false},"author":2,"featured_media":0,"comment_status":"closed","ping_status":"open","sticky":false,"template":"","format":"standard","meta":{"footnotes":""},"categories":[3],"tags":[],"class_list":["post-1974","post","type-post","status-publish","format-standard","hentry","category-aktuelno"],"_links":{"self":[{"href":"https:\/\/feb.si\/me\/wp-json\/wp\/v2\/posts\/1974"}],"collection":[{"href":"https:\/\/feb.si\/me\/wp-json\/wp\/v2\/posts"}],"about":[{"href":"https:\/\/feb.si\/me\/wp-json\/wp\/v2\/types\/post"}],"author":[{"embeddable":true,"href":"https:\/\/feb.si\/me\/wp-json\/wp\/v2\/users\/2"}],"replies":[{"embeddable":true,"href":"https:\/\/feb.si\/me\/wp-json\/wp\/v2\/comments?post=1974"}],"version-history":[{"count":3,"href":"https:\/\/feb.si\/me\/wp-json\/wp\/v2\/posts\/1974\/revisions"}],"predecessor-version":[{"id":1979,"href":"https:\/\/feb.si\/me\/wp-json\/wp\/v2\/posts\/1974\/revisions\/1979"}],"wp:attachment":[{"href":"https:\/\/feb.si\/me\/wp-json\/wp\/v2\/media?parent=1974"}],"wp:term":[{"taxonomy":"category","embeddable":true,"href":"https:\/\/feb.si\/me\/wp-json\/wp\/v2\/categories?post=1974"},{"taxonomy":"post_tag","embeddable":true,"href":"https:\/\/feb.si\/me\/wp-json\/wp\/v2\/tags?post=1974"}],"curies":[{"name":"wp","href":"https:\/\/api.w.org\/{rel}","templated":true}]}}