{"id":1984,"date":"2024-03-11T10:18:46","date_gmt":"2024-03-11T10:18:46","guid":{"rendered":"https:\/\/feb.si\/me\/?p=1984"},"modified":"2024-03-11T10:19:06","modified_gmt":"2024-03-11T10:19:06","slug":"procjena-brisela-o-napretku-sarajeva-bice-pozitivna","status":"publish","type":"post","link":"https:\/\/feb.si\/me\/blog\/2024\/03\/11\/procjena-brisela-o-napretku-sarajeva-bice-pozitivna\/","title":{"rendered":"Feb saznaje: procjena Brisela o napretku Sarajeva bi\u0107e pozitivna"},"content":{"rendered":"\n\n\n<p>O\u010dekuje se da \u0107e Evropska komisija sutra, 12. marta, usvojiti saop\u0161tenje o napretku Sarajeva u ispunjavanju uslova za po\u010detak pristupnih pregovora. Izvje\u0161taj Evropske komisije o napretku BiH do marta zatra\u017eio je samit EU u decembru pro\u0161le godine. Tada je donesena odluka o pokretanju pristupnih pregovora za Moldaviju i Ukrajinu, Bosna i Hercegovina je ostala u \u010dekaonici, ali su joj obe\u0107ani pristupni pregovori &#8216;kada se postigne neophodan nivo ispunjenosti kriterijuma za \u010dlanstvo&#8217;.<\/p>\n\n\n\n<p>Posljednjih mjeseci, prema briselskim izvorima, dosta je ura\u0111eno u zakonodavnim oblastima koje su najva\u017enije za napredak BiH ka EU. Sarajevo do sada nije uspjelo ispuniti svih 14 uslova postavljenih u 2019. godini, ali napredak i politi\u010dka volja su evidentni.<\/p>\n","protected":false},"excerpt":{"rendered":"<p>O\u010dekuje se da \u0107e Evropska komisija sutra, 12. marta, usvojiti saop\u0161tenje o napretku Sarajeva u ispunjavanju uslova za po\u010detak pristupnih pregovora. Izvje\u0161taj Evropske komisije o napretku BiH do marta zatra\u017eio je samit EU u decembru pro\u0161le godine. Tada je donesena odluka o pokretanju pristupnih pregovora za Moldaviju i Ukrajinu, Bosna i Hercegovina je ostala u&#8230;<\/p>\n","protected":false},"author":2,"featured_media":0,"comment_status":"closed","ping_status":"open","sticky":false,"template":"","format":"standard","meta":{"footnotes":""},"categories":[3],"tags":[],"class_list":["post-1984","post","type-post","status-publish","format-standard","hentry","category-aktuelno"],"_links":{"self":[{"href":"https:\/\/feb.si\/me\/wp-json\/wp\/v2\/posts\/1984"}],"collection":[{"href":"https:\/\/feb.si\/me\/wp-json\/wp\/v2\/posts"}],"about":[{"href":"https:\/\/feb.si\/me\/wp-json\/wp\/v2\/types\/post"}],"author":[{"embeddable":true,"href":"https:\/\/feb.si\/me\/wp-json\/wp\/v2\/users\/2"}],"replies":[{"embeddable":true,"href":"https:\/\/feb.si\/me\/wp-json\/wp\/v2\/comments?post=1984"}],"version-history":[{"count":2,"href":"https:\/\/feb.si\/me\/wp-json\/wp\/v2\/posts\/1984\/revisions"}],"predecessor-version":[{"id":1986,"href":"https:\/\/feb.si\/me\/wp-json\/wp\/v2\/posts\/1984\/revisions\/1986"}],"wp:attachment":[{"href":"https:\/\/feb.si\/me\/wp-json\/wp\/v2\/media?parent=1984"}],"wp:term":[{"taxonomy":"category","embeddable":true,"href":"https:\/\/feb.si\/me\/wp-json\/wp\/v2\/categories?post=1984"},{"taxonomy":"post_tag","embeddable":true,"href":"https:\/\/feb.si\/me\/wp-json\/wp\/v2\/tags?post=1984"}],"curies":[{"name":"wp","href":"https:\/\/api.w.org\/{rel}","templated":true}]}}