{"id":2120,"date":"2024-03-29T16:31:40","date_gmt":"2024-03-29T16:31:40","guid":{"rendered":"https:\/\/feb.si\/me\/?p=2120"},"modified":"2024-05-09T07:38:51","modified_gmt":"2024-05-09T07:38:51","slug":"ambasador-makedonije-u-posjeti-feb-a-mjesto-sjeverne-makedonije-je-iskljucucivo-u-eu","status":"publish","type":"post","link":"https:\/\/feb.si\/me\/blog\/2024\/03\/29\/ambasador-makedonije-u-posjeti-feb-a-mjesto-sjeverne-makedonije-je-iskljucucivo-u-eu\/","title":{"rendered":"Ambasador Makedonije posjetio FEB: mjesto Sjeverne Makedonije je u EU"},"content":{"rendered":"\n\n\n<p>U martu su predstavnici Foruma za evropski Balkan, Peter Antuni\u010devi\u0107 i Sanja Rubini\u0107 ugostili ambasadora Sjeverne Makedonije u Sloveniji, njegovu ekselenciju Gorana Milevskega i savjetnicu Bojanu Jovanosku.<\/p>\n\n\n\n<p>Gosti su izrazili spremnost da doprinesu idejama Foruma, odnosno pomognu u povezivanju kredibilnih sagovornika iz zemalja aspirantki za \u010dlanstvo u EU. Cilj je, kako se \u010dulo na sastanku, identifikovati su\u0161tinske elemente koji ko\u010de procese politi\u010dkih i institucionalnih reformi u zemljama Zapadnog Balkana.<\/p>\n\n\n\n<p>Kako je rekao ambasador Sjeverne Makedonije, njegova zemlja se priprema za parlamentarne izbore, koji \u0107e biti odr\u017eani 8. maja 2024., zajedno sa drugim krugom predsjedni\u010dkih izbora. Prvi krug izbora za predsjednika Sjeverne Makedonije bi\u0107e odr\u017eani u srijedu, 24. aprila 2024. Kako je rekao ambasador Goran Milevski, bez obzira ko pobijedi, situacija je jasna, mjesto Sjeverne Makedonije je isklju\u010divo u Evropskoj uniji.<\/p>\n\n\n\n<p>Makedonski ambasador je napomenuo da oko 2.500 studenata iz njegove zemlje trenutno studira u Sloveniji, te da \u017eeli da se oni nakon studija vrate u domovinu. Stoga su evropska perspektiva te zemlje i bolji \u017eivotni standard od vitalnog zna\u010daja.<\/p>\n","protected":false},"excerpt":{"rendered":"<p>U martu su predstavnici Foruma za evropski Balkan, Peter Antuni\u010devi\u0107 i Sanja Rubini\u0107 ugostili ambasadora Sjeverne Makedonije u Sloveniji, njegovu ekselenciju Gorana Milevskega i savjetnicu Bojanu Jovanosku. Gosti su izrazili spremnost da doprinesu idejama Foruma, odnosno pomognu u povezivanju kredibilnih sagovornika iz zemalja aspirantki za \u010dlanstvo u EU. Cilj je, kako se \u010dulo na sastanku,&#8230;<\/p>\n","protected":false},"author":2,"featured_media":0,"comment_status":"closed","ping_status":"open","sticky":false,"template":"","format":"standard","meta":{"footnotes":""},"categories":[6],"tags":[],"class_list":["post-2120","post","type-post","status-publish","format-standard","hentry","category-dogodki"],"_links":{"self":[{"href":"https:\/\/feb.si\/me\/wp-json\/wp\/v2\/posts\/2120"}],"collection":[{"href":"https:\/\/feb.si\/me\/wp-json\/wp\/v2\/posts"}],"about":[{"href":"https:\/\/feb.si\/me\/wp-json\/wp\/v2\/types\/post"}],"author":[{"embeddable":true,"href":"https:\/\/feb.si\/me\/wp-json\/wp\/v2\/users\/2"}],"replies":[{"embeddable":true,"href":"https:\/\/feb.si\/me\/wp-json\/wp\/v2\/comments?post=2120"}],"version-history":[{"count":9,"href":"https:\/\/feb.si\/me\/wp-json\/wp\/v2\/posts\/2120\/revisions"}],"predecessor-version":[{"id":2250,"href":"https:\/\/feb.si\/me\/wp-json\/wp\/v2\/posts\/2120\/revisions\/2250"}],"wp:attachment":[{"href":"https:\/\/feb.si\/me\/wp-json\/wp\/v2\/media?parent=2120"}],"wp:term":[{"taxonomy":"category","embeddable":true,"href":"https:\/\/feb.si\/me\/wp-json\/wp\/v2\/categories?post=2120"},{"taxonomy":"post_tag","embeddable":true,"href":"https:\/\/feb.si\/me\/wp-json\/wp\/v2\/tags?post=2120"}],"curies":[{"name":"wp","href":"https:\/\/api.w.org\/{rel}","templated":true}]}}