{"id":2140,"date":"2024-04-08T06:55:03","date_gmt":"2024-04-08T06:55:03","guid":{"rendered":"https:\/\/feb.si\/me\/?p=2140"},"modified":"2024-04-08T07:52:42","modified_gmt":"2024-04-08T07:52:42","slug":"milos-vucevic-mandatar-nove-vlade-srbije","status":"publish","type":"post","link":"https:\/\/feb.si\/me\/blog\/2024\/04\/08\/milos-vucevic-mandatar-nove-vlade-srbije\/","title":{"rendered":"Milo\u0161 Vu\u010devi\u0107, mandatar nove vlade Srbije"},"content":{"rendered":"\n\n\n<p>Na \u010delu Vlade Srbije 48-godi\u0161nju Anu Brnabi\u0107 zamenio je 49-godi\u0161nji Milo\u0161 Vu\u010devi\u0107, biv\u0161i dugogodi\u0161nji gradona\u010delnik Novog Sada i poslednjih 18 meseci ministar odbrane. On \u0107e, kao i Brnabi\u010deva, verovatno biti potpuno pot\u010dinjen Aleksandru Vu\u010di\u010du, koji je uzurpirao vlast apsolutisti\u010dkog vladara, iako mu Ustav Srbije daje mnogo manje ovla\u0161\u0107enja kao predsednik dr\u017eave nego premijer. <\/p>\n","protected":false},"excerpt":{"rendered":"<p>Na \u010delu Vlade Srbije 48-godi\u0161nju Anu Brnabi\u0107 zamenio je 49-godi\u0161nji Milo\u0161 Vu\u010devi\u0107, biv\u0161i dugogodi\u0161nji gradona\u010delnik Novog Sada i poslednjih 18 meseci ministar odbrane. On \u0107e, kao i Brnabi\u010deva, verovatno biti potpuno pot\u010dinjen Aleksandru Vu\u010di\u010du, koji je uzurpirao vlast apsolutisti\u010dkog vladara, iako mu Ustav Srbije daje mnogo manje ovla\u0161\u0107enja kao predsednik dr\u017eave nego premijer.<\/p>\n","protected":false},"author":2,"featured_media":0,"comment_status":"closed","ping_status":"open","sticky":false,"template":"","format":"standard","meta":{"footnotes":""},"categories":[3],"tags":[],"class_list":["post-2140","post","type-post","status-publish","format-standard","hentry","category-aktuelno"],"_links":{"self":[{"href":"https:\/\/feb.si\/me\/wp-json\/wp\/v2\/posts\/2140"}],"collection":[{"href":"https:\/\/feb.si\/me\/wp-json\/wp\/v2\/posts"}],"about":[{"href":"https:\/\/feb.si\/me\/wp-json\/wp\/v2\/types\/post"}],"author":[{"embeddable":true,"href":"https:\/\/feb.si\/me\/wp-json\/wp\/v2\/users\/2"}],"replies":[{"embeddable":true,"href":"https:\/\/feb.si\/me\/wp-json\/wp\/v2\/comments?post=2140"}],"version-history":[{"count":2,"href":"https:\/\/feb.si\/me\/wp-json\/wp\/v2\/posts\/2140\/revisions"}],"predecessor-version":[{"id":2143,"href":"https:\/\/feb.si\/me\/wp-json\/wp\/v2\/posts\/2140\/revisions\/2143"}],"wp:attachment":[{"href":"https:\/\/feb.si\/me\/wp-json\/wp\/v2\/media?parent=2140"}],"wp:term":[{"taxonomy":"category","embeddable":true,"href":"https:\/\/feb.si\/me\/wp-json\/wp\/v2\/categories?post=2140"},{"taxonomy":"post_tag","embeddable":true,"href":"https:\/\/feb.si\/me\/wp-json\/wp\/v2\/tags?post=2140"}],"curies":[{"name":"wp","href":"https:\/\/api.w.org\/{rel}","templated":true}]}}