{"id":2201,"date":"2024-04-26T07:56:22","date_gmt":"2024-04-26T07:56:22","guid":{"rendered":"https:\/\/feb.si\/me\/?p=2201"},"modified":"2024-04-27T08:02:17","modified_gmt":"2024-04-27T08:02:17","slug":"lajcak-je-izneo-kompromisni-predlog-u-vezi-sa-upotrebom-dinara-na-kosovu","status":"publish","type":"post","link":"https:\/\/feb.si\/me\/blog\/2024\/04\/26\/lajcak-je-izneo-kompromisni-predlog-u-vezi-sa-upotrebom-dinara-na-kosovu\/","title":{"rendered":"Laj\u010dak je iznio kompromisni predlog u vezi sa upotrebom dinara na Kosovu"},"content":{"rendered":"\n\n\n<p>U Briselu su nastavljeni razgovori o dijalogu Beograda i Pri\u0161tine pod pokroviteljstvom Unije.  Razgovaralo se o pitanju upotrebe dinara na sjeveru Kosova i mogu\u0107im re\u0161enjima nakon \u0161to je Pri\u0161tina obustavila platni promet u srpskoj valuti na teritoriji Kosova.<\/p>\n\n\n\n<p>Nakon razgovora sa delegacijama Beograda i Pri\u0161tine, Laj\u010dak je na dru\u0161tvenoj mre\u017ei X najavio da je &#8222;sastanak zavr\u0161en predstavljanjem kompromisnog dokumenta u nastojanju da se premoste razlike. Nakon \u0161to dobijem konstruktivne komentare, ja \u0107u biti doma\u0107in slede\u0107eg sastanka&#8220;, napisao je.<\/p>\n\n\n\n<p>Kako je rekao Laj\u010dak, sastanak je obijema stranama dao dovoljno prostora da obrazlo\u017ee svoje stavove.<\/p>\n\n\n\n<p>Izvor: MMC, STA<\/p>\n","protected":false},"excerpt":{"rendered":"<p>U Briselu su nastavljeni razgovori o dijalogu Beograda i Pri\u0161tine pod pokroviteljstvom Unije. Razgovaralo se o pitanju upotrebe dinara na sjeveru Kosova i mogu\u0107im re\u0161enjima nakon \u0161to je Pri\u0161tina obustavila platni promet u srpskoj valuti na teritoriji Kosova. Nakon razgovora sa delegacijama Beograda i Pri\u0161tine, Laj\u010dak je na dru\u0161tvenoj mre\u017ei X najavio da je &#8222;sastanak&#8230;<\/p>\n","protected":false},"author":2,"featured_media":0,"comment_status":"closed","ping_status":"open","sticky":false,"template":"","format":"standard","meta":{"footnotes":""},"categories":[3],"tags":[],"class_list":["post-2201","post","type-post","status-publish","format-standard","hentry","category-aktuelno"],"_links":{"self":[{"href":"https:\/\/feb.si\/me\/wp-json\/wp\/v2\/posts\/2201"}],"collection":[{"href":"https:\/\/feb.si\/me\/wp-json\/wp\/v2\/posts"}],"about":[{"href":"https:\/\/feb.si\/me\/wp-json\/wp\/v2\/types\/post"}],"author":[{"embeddable":true,"href":"https:\/\/feb.si\/me\/wp-json\/wp\/v2\/users\/2"}],"replies":[{"embeddable":true,"href":"https:\/\/feb.si\/me\/wp-json\/wp\/v2\/comments?post=2201"}],"version-history":[{"count":3,"href":"https:\/\/feb.si\/me\/wp-json\/wp\/v2\/posts\/2201\/revisions"}],"predecessor-version":[{"id":2204,"href":"https:\/\/feb.si\/me\/wp-json\/wp\/v2\/posts\/2201\/revisions\/2204"}],"wp:attachment":[{"href":"https:\/\/feb.si\/me\/wp-json\/wp\/v2\/media?parent=2201"}],"wp:term":[{"taxonomy":"category","embeddable":true,"href":"https:\/\/feb.si\/me\/wp-json\/wp\/v2\/categories?post=2201"},{"taxonomy":"post_tag","embeddable":true,"href":"https:\/\/feb.si\/me\/wp-json\/wp\/v2\/tags?post=2201"}],"curies":[{"name":"wp","href":"https:\/\/api.w.org\/{rel}","templated":true}]}}