{"id":2207,"date":"2024-04-30T10:12:32","date_gmt":"2024-04-30T10:12:32","guid":{"rendered":"https:\/\/feb.si\/me\/?p=2207"},"modified":"2024-05-07T12:22:51","modified_gmt":"2024-05-07T12:22:51","slug":"predsjednicki-test-u-sjevernoj-makedoniji-dobre-perspektive-za-desnicarsku-opoziciju","status":"publish","type":"post","link":"https:\/\/feb.si\/me\/blog\/2024\/04\/30\/predsjednicki-test-u-sjevernoj-makedoniji-dobre-perspektive-za-desnicarsku-opoziciju\/","title":{"rendered":"Predsjedni\u010dki test u Sjevernoj Makedoniji: dobri izgledi za desni\u010darsku opoziciju"},"content":{"rendered":"\n<p>Nakon prvog kruga predsjedni\u010dkih izbora 24. aprila, bira\u010di u Sjevernoj Makedoniji \u0107e u drugom krugu 8. maja dobiti novog predsjednika, a glasat \u0107e i za novi saziv parlamenta &#8211; Sobranju. <\/p>\n\n\n\n<p>Sjeverna Makedonija sa 2,3 miliona stanovnika ima 1,8 miliona registrovanih bira\u010da, a da bi stupila na snagu njihova demokratska volja izra\u017eena na izborima, izlaznost mora biti ve\u0107a od 40 posto. U prvom krugu predsjedni\u010dkih izbora, koji je odr\u017ean 24. aprila, mnoge analiti\u010dare iznenadio je dobar rezultat kandidata desni\u010darske opozicije, 70-godi\u0161nje Gordane \u0160iljanovske Davkove, koja je sa 40,08 posto glasova u prvom krugu ubedljivo pobijedila aktuelnog predsjednika, 61-godi\u0161njeg Socijaldemokratu Steva Pendarovskog, koji je sakupio ne\u0161to manje od 20 odsto glasova.<\/p>\n\n\n\n<p><strong>Profesorica je iznenadila prediktore budu\u0107nosti<\/strong><\/p>\n\n\n\n<p>Uspjeh kandidatkinje opozicione VMRO-DPMNE u prvom krugu predsjedni\u010dkih izbora je dobra najava za nju u drugom krugu i za njenu stranku na parlamentarnim izborima 8. maja. I prije prvog kruga predsjedni\u010dkih izbora analiti\u010dari su ih opisali kao svojevrsni test pred parlamentarne izbore, a analiti\u010dari ocjenjuju da su bira\u010di prili\u010dno jasno izrazili svoje nezadovoljstvo vladaju\u0107im socijaldemokratama.<\/p>\n\n\n\n<figure class=\"wp-block-image size-large\"><img loading=\"lazy\" decoding=\"async\" width=\"1024\" height=\"576\" src=\"https:\/\/feb.si\/me\/wp-content\/uploads\/sites\/2\/2024\/04\/siljanovska-davkova-nordmazedonien-100-1920x1080-1-1024x576.jpg\" alt=\"\" class=\"wp-image-2210\" srcset=\"https:\/\/feb.si\/me\/wp-content\/uploads\/sites\/2\/2024\/04\/siljanovska-davkova-nordmazedonien-100-1920x1080-1-1024x576.jpg 1024w, https:\/\/feb.si\/me\/wp-content\/uploads\/sites\/2\/2024\/04\/siljanovska-davkova-nordmazedonien-100-1920x1080-1-300x169.jpg 300w, https:\/\/feb.si\/me\/wp-content\/uploads\/sites\/2\/2024\/04\/siljanovska-davkova-nordmazedonien-100-1920x1080-1-768x432.jpg 768w, https:\/\/feb.si\/me\/wp-content\/uploads\/sites\/2\/2024\/04\/siljanovska-davkova-nordmazedonien-100-1920x1080-1-1536x864.jpg 1536w, https:\/\/feb.si\/me\/wp-content\/uploads\/sites\/2\/2024\/04\/siljanovska-davkova-nordmazedonien-100-1920x1080-1.jpg 1920w\" sizes=\"(max-width: 1024px) 100vw, 1024px\" \/><figcaption class=\"wp-element-caption\">U prvom krugu predsjedni\u010dkih izbora, koji je odr\u017ean 24. aprila, mnoge analiti\u010dare iznenadio je dobar rezultat kandidata desni\u010darske opozicije, 70-godi\u0161nje Gordane \u0160iljanovske Davkove, koja je sa 40,08 posto glasova u prvom krugu ubjedljivo pobedila aktuelnog predsjednika, 61-godi\u0161njeg socijaldemokrata Stava Pendarovskog, koji je sakupio ne\u0161to manje od 20 odsto glasova<\/figcaption><\/figure>\n\n\n\n<p>Ako je glasanje za uglavnom ceremonijalni predsjedni\u010dki polo\u017eaj svojevrsni lakmusov papir za parlamentarne izbore, boja tog papira trebalo bi da zabrine vladaju\u0107i socijaldemokratski tabor, koji manje-vi\u0161e bezuspje\u0161no poku\u0161ava da ubrza pristupanje male balkanske zemlje u Evropsku uniju i podstakne ekonomski razvoj, dok se istovremeno obra\u010dunava sa korupcijom.<\/p>\n\n\n\n<p>I analiti\u010dari i drugi sagovornici u televizijskim anketama uvjereni su da \u0107e razlika izme\u0111u vladaju\u0107eg tabora i desne opozicije na parlamentarnim izborima biti i ve\u0107a nego \u0161to je pokazao predsjedni\u010dki test. Me\u0111utim, da makedonski analiti\u010dari i drugi prediktori politi\u010dke budu\u0107nosti nisu nepogre\u0161ivi, najslikovitije je pokazala  pravnica i univerzitetska profesorica Siljanovska-Davkova, koja je prikupila duplo vi\u0161e glasova nego \u0161to je pokazivalo istra\u017eivanje javnog mnjenja. Favorit makedonske desnice je svoj uspjeh u prvom krugu ocijenila kao &#8222;nevjerovatno inspirativan.&#8220; Njenim protivnicima iz redova Socijaldemokrata, predvo\u0111enih Dimitrom Kova\u010devskim, jednostavno nije ostalo ni\u0161ta nego do da priznaju da su pogre\u0161ili i da je narod na izborima pokazao svoje mi\u0161ljenje.<\/p>\n\n\n\n<p><strong>Zabrinjavaju\u0107i poraz evropskih sila?<\/strong><\/p>\n\n\n\n<p>Kandidatura Sjeverne Makedonije za ulazak u EU 2005. godine do\u010dekana je s velikim optimizmom. Me\u0111utim, skoro dvije decenije kasnije, postigla je mali napredak, dijelom zbog protivljenja susjedne Gr\u010dke i Bugarske, obije \u010dlanice EU. 61-godi\u0161nji Pendarovski opisao je svoj lo\u0161 rezultat kao poraz proevropskih sila, ali je rekao da \u0107e nastaviti da se priprema za drugi krug.<\/p>\n\n\n\n<p>Sporazumom iz 2017. godine o promjeni imena dr\u017eave iz Makedonije u Sjevernu Makedoniju okon\u010dan je spor sa Gr\u010dkom, ali je Bugarska 2020.godine na njega stavila veto zbog istorijskih i jezi\u010dkih pitanja za koja mnogi Makedonci ka\u017eu da se klju\u010dno mije\u0161aju u njihov nacionalni identitet.<\/p>\n\n\n\n<p>\u010cini se da su pristalice opozicije najvi\u0161e osudile katastrofalan bilans vlade u mnogim oblastima, vi\u0161e nego kompromitovanje nacionalnog identiteta i napravljene ustupke Bugarskoj. Upravo to \u0107e dovesti do promjene vlasti u Sjevernoj Makedoniji, predvi\u0111a Daniel Braun, \u0161ef kancelarije njema\u010dke fondacije Konrad Adenauer u Skoplju. Braun, koji \u017eivi i radi u Skoplju i stoga relativno dobro poznaje situaciju u zemlji, iz prve ruke je najavio vrlo vjerovatnu promjenu vlasti u nedavnom intervjuu njema\u010dkom radiju Deutschlandfunk. Prema njegovim rije\u010dima, razlog za o\u010dekivanu smjenu vlasti je katastrofalna situacija u mnogim sektorima u zemlji. Braun, koji radi za fondaciju naklonjenu njema\u010dkoj konzervativnoj stranci CDU, smatra da \u0107e najva\u017enija pitanja u drugom krugu predsjedni\u010dkih i parlamentarnih izbora biti unutra\u0161nji politi\u010dki problemi, dok \u0107e pitanja evropske budu\u0107nosti zemlje biti nisko na listi prioriteta.<\/p>\n\n\n\n<figure class=\"wp-block-gallery has-nested-images columns-default is-cropped wp-block-gallery-1 is-layout-flex wp-block-gallery-is-layout-flex\">\n<figure class=\"wp-block-image size-large\"><img loading=\"lazy\" decoding=\"async\" width=\"754\" height=\"390\" data-id=\"2211\" src=\"https:\/\/feb.si\/me\/wp-content\/uploads\/sites\/2\/2024\/04\/97.jpg\" alt=\"\" class=\"wp-image-2211\" srcset=\"https:\/\/feb.si\/me\/wp-content\/uploads\/sites\/2\/2024\/04\/97.jpg 754w, https:\/\/feb.si\/me\/wp-content\/uploads\/sites\/2\/2024\/04\/97-300x155.jpg 300w\" sizes=\"(max-width: 754px) 100vw, 754px\" \/><figcaption class=\"wp-element-caption\">\u010cini se da su pristalice opozicije najvi\u0161e osudile katastrofalan bilans vlade u mnogim oblastima, vi\u0161e nego kompromitovanje nacionalnog identiteta i napravljene ustupke Bugarskoj. <\/figcaption><\/figure>\n<\/figure>\n\n\n\n<p>\u201eVa\u017ene su teme poput korupcije, lo\u0161eg zdravstvenog sistema, zaga\u0111enog vazduha, \u017eivotne sredine, obrazovanja i privrede. EU nije glavno pitanje\u201c, ka\u017ee Braun i obja\u0161njava za\u0161to \u0107e, prema njegovom mi\u0161ljenju, do\u0107i do promjene vlasti.<\/p>\n\n\n\n<p>Prema njegovim rije\u010dima, promjena vlasti \u0107e prvenstveno biti rezultat korupcije i nefunkcionalnosti dr\u017eave, koji su svuda vidljivi. \u201cMene li\u010dno, kao \u0161efa kancelarije, to poga\u0111a gotovo svakodnevno kada su u pitanju dokumenti i sli\u010dno. Za ilustraciju, primjer: sporazum sa Gr\u010dkom i promjena imena omogu\u0107ili su izdavanje novih li\u010dnih dokumenata tokom petogodi\u0161njeg prelaznog perioda. Vlada je propustila rok. Po\u010detkom godine \u010dak milion gra\u0111ana zaglavljeno je u zemlji i inostranstvu jer vi\u0161e nisu imali va\u017ee\u0107e putne isprave\u201c, ka\u017ee Braun. Uprkos svemu tome, Njemac je optimisti\u010dan da promjena vlasti ne\u0107e zna\u010diti promjenu proevropske orijentacije zemlje. \u201cTo su sve stvari koje imaju jako negativan uticaj, a ako do\u0111e do promjene vlasti, po mom mi\u0161ljenju,  to ne mora zna\u010diti da zemlja vi\u0161e ne\u0107e imati proevropsku orijentaciju, jer u VMRO-DPMNE nikada nijesu rekli da ne \u017eele ustavne promjene &#8211; a to se odnosi na bugarsku manjinu. Veliki strah, za koji VMRO-DPMNE ima veliku podr\u0161ku me\u0111u etni\u010dkim Makedoncima, jeste da ova ustavna promena ne\u0107e biti poslednji zahtev Bugarske za zemlju, kao i da \u0107e proces pridru\u017eivanja otvoriti put novim zahtevima na vi\u0161e nivoa. VMRO-DPMNE \u017eeli dodatna uvjeravanja da je ovo zaista posljednji politi\u010dko-identitetski zahtjev Bugarske i to je ne\u0161to \u0161to ima \u0161iroku podr\u0161ku me\u0111u etni\u010dkim makedonskim stanovni\u0161tvom u zemlji.\u201d<\/p>\n\n\n\n<p>U narednom periodu klju\u010dni \u0107e biti odnosi sa Bugarskom i pitanje da li \u0107e zemlja promijeniti ustav i uklju\u010diti Bugare u njega. Prema Brownovim rije\u010dima, nije isklju\u010deno da \u0107e se odnosi dvije zemlje zao\u0161triti u negativnom smjeru. Na pitanje da li \u0107e dolazak VMRO-DPMNE na vlast podsta\u0107i tenzije sa Bugarskom, Braun odgovara kontrapitanjem:<br>&#8222;\u0160ta zna\u010di eskalacija tenzija? Bugarska je relativno jasno stavila do znanja \u0161ta se mo\u017ee o\u010dekivati. Na\u017ealost, u Bugarskoj ima i va\u017enih politi\u010dara koji relativno otvoreno govore o tome da ovo mo\u017eda nije posljednji zahtjev i da bi u tom pogledu odnosi mogli postati jo\u0161 vi\u0161e zao\u0161treni upravo zbog ove asimetrije mo\u0107i. Sjeverna Makedonija zavisi od toga da li \u0107e Bugarska pristati da ukine veto, a Skoplje u principu nema drugog izbora nego da se osloni na dobru volju Bugarske da \u0107e se to dogoditi.<\/p>\n\n\n<div class=\"wp-block-image\">\n<figure class=\"alignleft size-full is-resized\"><img loading=\"lazy\" decoding=\"async\" src=\"https:\/\/feb.si\/me\/wp-content\/uploads\/sites\/2\/2024\/04\/images-1.jpg\" alt=\"\" class=\"wp-image-2221\" width=\"371\" height=\"247\"\/><figcaption class=\"wp-element-caption\">Sjeverna Makedonija je na putu u EU promijenila zastavu, ime, sada je \u010deka i promjena Ustava<\/figcaption><\/figure><\/div>\n\n\n<p><br>Mo\u017eda bi trebalo jo\u0161 jednom pogledati vremenski okvir od nezavisnosti zemlje do danas. Na zahtjev Gr\u010dke, zemlja je morala promijeniti zastavu i ime, a sada na zahtjev Bugarske mora promijeniti svoj ustav. Prilikom promjene imena, EU je obe\u0107ala da \u0107e to biti posljednji zahtjev koji Makedonci moraju ispuniti prije nego \u0161to nastave svoj evropski put. Kako se to nije dogodilo, u Sjevernoj Makedoniji se nakupilo mnogo frustracija i razo\u010daranja. Makedonsko razo\u010darenje profitabilno zloupotrebljavaju evroskepti\u010dni lideri zemalja Zapadnog Balkana, kao i njihovi ruski stri\u010devi iz pozadine za \u0161irenje antievropskih stavova i narativa.<\/p>\n\n\n\n<p>Pripremio Forum za evropski Balkan, april 2024<\/p>\n","protected":false},"excerpt":{"rendered":"<p>Nakon prvog kruga predsjedni\u010dkih izbora 24. aprila, bira\u010di u Sjevernoj Makedoniji \u0107e u drugom krugu 8. maja dobiti novog predsjednika, a glasat \u0107e i za novi saziv parlamenta &#8211; Sobranju. Sjeverna Makedonija sa 2,3 miliona stanovnika ima 1,8 miliona registrovanih bira\u010da, a da bi stupila na snagu njihova demokratska volja izra\u017eena na izborima, izlaznost mora&#8230;<\/p>\n","protected":false},"author":2,"featured_media":2214,"comment_status":"closed","ping_status":"open","sticky":false,"template":"","format":"standard","meta":{"footnotes":""},"categories":[2],"tags":[],"class_list":["post-2207","post","type-post","status-publish","format-standard","has-post-thumbnail","hentry","category-analize"],"_links":{"self":[{"href":"https:\/\/feb.si\/me\/wp-json\/wp\/v2\/posts\/2207"}],"collection":[{"href":"https:\/\/feb.si\/me\/wp-json\/wp\/v2\/posts"}],"about":[{"href":"https:\/\/feb.si\/me\/wp-json\/wp\/v2\/types\/post"}],"author":[{"embeddable":true,"href":"https:\/\/feb.si\/me\/wp-json\/wp\/v2\/users\/2"}],"replies":[{"embeddable":true,"href":"https:\/\/feb.si\/me\/wp-json\/wp\/v2\/comments?post=2207"}],"version-history":[{"count":11,"href":"https:\/\/feb.si\/me\/wp-json\/wp\/v2\/posts\/2207\/revisions"}],"predecessor-version":[{"id":2239,"href":"https:\/\/feb.si\/me\/wp-json\/wp\/v2\/posts\/2207\/revisions\/2239"}],"wp:featuredmedia":[{"embeddable":true,"href":"https:\/\/feb.si\/me\/wp-json\/wp\/v2\/media\/2214"}],"wp:attachment":[{"href":"https:\/\/feb.si\/me\/wp-json\/wp\/v2\/media?parent=2207"}],"wp:term":[{"taxonomy":"category","embeddable":true,"href":"https:\/\/feb.si\/me\/wp-json\/wp\/v2\/categories?post=2207"},{"taxonomy":"post_tag","embeddable":true,"href":"https:\/\/feb.si\/me\/wp-json\/wp\/v2\/tags?post=2207"}],"curies":[{"name":"wp","href":"https:\/\/api.w.org\/{rel}","templated":true}]}}