{"id":2225,"date":"2024-04-30T11:25:25","date_gmt":"2024-04-30T11:25:25","guid":{"rendered":"https:\/\/feb.si\/me\/?p=2225"},"modified":"2024-05-06T12:29:48","modified_gmt":"2024-05-06T12:29:48","slug":"uoci-godisnjice-clanstva-u-eu-slovenija-poslala-vaznu-poruku-crnoj-gori","status":"publish","type":"post","link":"https:\/\/feb.si\/me\/blog\/2024\/04\/30\/uoci-godisnjice-clanstva-u-eu-slovenija-poslala-vaznu-poruku-crnoj-gori\/","title":{"rendered":"Uo\u010di godi\u0161njice \u010dlanstva u EU, Slovenija poslala va\u017enu poruku Crnoj Gori"},"content":{"rendered":"\n<p><strong>\u2018Crna Gora i Slovenija imaju zajedni\u010dku pro\u0161lost i zajedni\u010dku budu\u0107nost: kao prijatelji i saveznici, kao ravnopravne dr\u017eave \u010dlanice evropske porodice\u2019<\/strong><\/p>\n\n\n\n<p>Nakon pauze od pet godina, Crnu Goru je posjetio najvi\u0161i zvani\u010dnik Slovenije, predsjednica te zemlje, Nata\u0161a Pirc Musar. Posjeta koja dolazi iz dr\u017eave, koja ovih dana obilje\u017eava 20 godina od punopravnog \u010dlanstva u EU, ima posebnu simboli\u010dku vrijednost. Crnoj Gori je poslata poruka, da treba \u0161to prije da napravi sve kako bi usvojila demokratske norme EU-e, kao \u0161to je to Slovenija u\u010dinila prije 20 godina, a koji se, uz ostalo, odnose na vladavinu prava i borbu protiv korupcije.<\/p>\n\n\n\n<figure class=\"wp-block-image size-full\"><img loading=\"lazy\" decoding=\"async\" width=\"840\" height=\"565\" src=\"https:\/\/feb.si\/me\/wp-content\/uploads\/sites\/2\/2024\/05\/tete-a-tete-v2__FillWzg0MCw1NjVd.jpg.webp\" alt=\"\" class=\"wp-image-2232\" srcset=\"https:\/\/feb.si\/me\/wp-content\/uploads\/sites\/2\/2024\/05\/tete-a-tete-v2__FillWzg0MCw1NjVd.jpg.webp 840w, https:\/\/feb.si\/me\/wp-content\/uploads\/sites\/2\/2024\/05\/tete-a-tete-v2__FillWzg0MCw1NjVd.jpg-300x202.webp 300w, https:\/\/feb.si\/me\/wp-content\/uploads\/sites\/2\/2024\/05\/tete-a-tete-v2__FillWzg0MCw1NjVd.jpg-768x517.webp 768w\" sizes=\"(max-width: 840px) 100vw, 840px\" \/><figcaption class=\"wp-element-caption\">Sa lijeve prema desnoj: Nata\u0161a Pirc Musar, predsednica Slovenije i Jakov Milatovi\u0107, predsednik Crne Gore. Foto: Neboj\u0161a Teji\u0107\/STA<\/figcaption><\/figure>\n\n\n\n<p><br>Tom prilikom je slovena\u010dka predjsednica, koju je crnogorski predsjednik Jakov Milatovi\u0107, do\u010dekao sa najvi\u0161im vojnim po\u010dastima, podsjetila da Crna Gora i Slovenija imaju zajedni\u010dku pro\u0161lost ali i zajedni\u010dku budu\u0107nost &#8211; kao prijateljice i saveznice ali&nbsp; i kao punopravne \u010dlanice evropske porodice. U prvom planu razgovora bili su napori Crne Gore na putu ka Evropskoj uniji i zna\u010daj \u0161to skorije integracije zemalja Zapadnog Balkana u evroatlantske integracije za stabilnost regiona.<\/p>\n\n\n\n<figure class=\"wp-block-image size-large\"><img loading=\"lazy\" decoding=\"async\" width=\"1024\" height=\"682\" src=\"https:\/\/feb.si\/me\/wp-content\/uploads\/sites\/2\/2024\/05\/unnamed-2-1-1024x682.jpg\" alt=\"\" class=\"wp-image-2230\" srcset=\"https:\/\/feb.si\/me\/wp-content\/uploads\/sites\/2\/2024\/05\/unnamed-2-1-1024x682.jpg 1024w, https:\/\/feb.si\/me\/wp-content\/uploads\/sites\/2\/2024\/05\/unnamed-2-1-300x200.jpg 300w, https:\/\/feb.si\/me\/wp-content\/uploads\/sites\/2\/2024\/05\/unnamed-2-1-768x512.jpg 768w, https:\/\/feb.si\/me\/wp-content\/uploads\/sites\/2\/2024\/05\/unnamed-2-1-1536x1023.jpg 1536w, https:\/\/feb.si\/me\/wp-content\/uploads\/sites\/2\/2024\/05\/unnamed-2-1.jpg 1600w\" sizes=\"(max-width: 1024px) 100vw, 1024px\" \/><figcaption class=\"wp-element-caption\">Sa lijeve prema desnoj: Vojislav Kova\u010d, po\u010dasni konzul Crne Gore, Jelena Borovini\u0107 Bojovi\u0107 predsjednica Skup\u0161tine glavnog grada Crne Gore, Nata\u0161a Pirc Musar, predsednica Slovenije, Jakov Milatovi\u0107, predsednik Crne Gore. Foto: Neboj\u0161a Teji\u0107\/STA<\/figcaption><\/figure>\n\n\n\n<p>Na sve\u010danoj ve\u010deri koju je crnogorski predsjednik Jakov Milatovi\u0107 uprili\u010dio u \u010dast svoje slovena\u010dke koleginice Nata\u0161e Pirc Musar na Cetinju, prisustovao je i po\u010dasni konzul Crne Gore&nbsp; Vojislav Kova\u010d, koji vi\u0161e od 30 godina \u017eivi i radi u Sloveniji. Kako je istakao crnogorski predsjednik te ve\u010deri i ponovio kasnije u Podgorici na slovena\u010dko-crnogorskom privrednom forumu, trud i napor po\u010dasnog konzula bili su klju\u010dni za ja\u010danje bilateralnih odnosa ali i za unaprije\u0111enje ekonomske saradnje Crne Gore i Slovenije. Crnogorski predsjednik je istakao kako Crna Gora treba da bude ponosna na takav svoj kadar.<br><br>Upitali smo crnogorskog konzula kako on ocjenjuje zrelost crnogorskog dru\u0161tva u odnosu na slovena\u010dko, kada su u pitanju evroatlantske integracije. \u2018Ono \u0161to bih istakao, je da je Slovenija odli\u010dan primjer kako cijelo dru\u0161tvo jedne dr\u017eave radi za vi\u0161i cilj \u2013 govorim naravno o \u010dlanstvu u EU. 1. maja se navr\u0161ilo 20 godina od njenog ulaska u EU, i jako dobro se sje\u0107am kako su u toj dr\u017eavi tada svi politi\u010dki subjekti kao i gra\u0111ani bili usmjereni na to da Slovenija \u0161to prije ispuni uslove za \u010dlanstvo. Mo\u017eda ta vrsta mobilizacije sada nedostaje Crnoj Gori, kada imamo zagon za tu vrstu pri\u010de i od EU. Te reforme, koje treba da u\u0111u u sve pore crnogorskog dru\u0161tva su na\u0161a obaveza, dok Slovenija sa svojim savjetima i iskustvom stoji na raspolaganju\u2019 \u2013 istakao je konzul i dodao kako ga raduje da puno mladih ljudi iz Crne Gore bira slovena\u010dke univezitete za sticanje akadamskog zvanja. \u2018Upoznaju tu dr\u017eavu iznutra kao i njene standarde zato se nadam da \u0107e jednog dana to ste\u010deno znanje prenijeti i primjeniti u Crnoj Gori\u2019- dodaje Vojislav Kova\u010d.<\/p>\n\n\n\n<figure class=\"wp-block-image size-large\"><img loading=\"lazy\" decoding=\"async\" width=\"1024\" height=\"682\" src=\"https:\/\/feb.si\/me\/wp-content\/uploads\/sites\/2\/2024\/05\/unnamed-1-1024x682.jpg\" alt=\"\" class=\"wp-image-2228\" srcset=\"https:\/\/feb.si\/me\/wp-content\/uploads\/sites\/2\/2024\/05\/unnamed-1-1024x682.jpg 1024w, https:\/\/feb.si\/me\/wp-content\/uploads\/sites\/2\/2024\/05\/unnamed-1-300x200.jpg 300w, https:\/\/feb.si\/me\/wp-content\/uploads\/sites\/2\/2024\/05\/unnamed-1-768x512.jpg 768w, https:\/\/feb.si\/me\/wp-content\/uploads\/sites\/2\/2024\/05\/unnamed-1-1536x1023.jpg 1536w, https:\/\/feb.si\/me\/wp-content\/uploads\/sites\/2\/2024\/05\/unnamed-1.jpg 1600w\" sizes=\"(max-width: 1024px) 100vw, 1024px\" \/><figcaption class=\"wp-element-caption\">Foto: Neboj\u0161a Teji\u0107\/STA<\/figcaption><\/figure>\n\n\n\n<p>Go\u0161\u0107a iz Slovenije, Nata\u0161a Pirc Musar, izrazila je posebno zadovoljstvo obilaskom spomenika posve\u0107enog slovena\u010dkom pjesniku Francetu Pre\u0161ernu, autora arh. Roka \u017dnidar\u0161i\u010da, koji je 2018 godine, na dan dr\u017eavnosti Republike Slovenije, po\u010dasni konzul Vojislav Kova\u010d poklonio gra\u0111anima Podgorice. Rije\u010d je o jedinom spomeniku Franceta Pre\u0161erna, koji stoji izvan granica Slovenije. Predsjednica Slovenije nije krila odu\u0161evljenje nad konceptom i modernim izgledom spomenika koji uz ugravirane stihove iz \u2018Zdravljice\u2019 na najbolji na\u010din promovi\u0161e Sloveniju i njenu spoljnu politiku u regionu.<\/p>\n\n\n\n<figure class=\"wp-block-image size-large\"><img loading=\"lazy\" decoding=\"async\" width=\"1024\" height=\"682\" src=\"https:\/\/feb.si\/me\/wp-content\/uploads\/sites\/2\/2024\/05\/spomenik-1024x682.jpg\" alt=\"\" class=\"wp-image-2229\" srcset=\"https:\/\/feb.si\/me\/wp-content\/uploads\/sites\/2\/2024\/05\/spomenik-1024x682.jpg 1024w, https:\/\/feb.si\/me\/wp-content\/uploads\/sites\/2\/2024\/05\/spomenik-300x200.jpg 300w, https:\/\/feb.si\/me\/wp-content\/uploads\/sites\/2\/2024\/05\/spomenik-768x512.jpg 768w, https:\/\/feb.si\/me\/wp-content\/uploads\/sites\/2\/2024\/05\/spomenik.jpg 1280w\" sizes=\"(max-width: 1024px) 100vw, 1024px\" \/><figcaption class=\"wp-element-caption\">Foto: Neboj\u0161a Teji\u0107\/STA<\/figcaption><\/figure>\n\n\n\n<p>Slovena\u010dka predsjednica je uz doma\u0107ina, gradona\u010delnika Kotora Vladimira Joki\u0107a, svojeg kolegu iz Crne Gore Jakova Milatovi\u0107a, crnogorskog konzula Vojislava Kova\u010da, slovena\u010dke ambasadorke u Crnoj Gori Bernarde Gradi\u0161nik posjetila Kotor i obi\u0161la najnoviju investiciju\u2013 panoramsku \u017ei\u010daru koja prevozi goste od Kotora do Lov\u0107ena.<\/p>\n\n\n\n<figure class=\"wp-block-image size-large\"><img loading=\"lazy\" decoding=\"async\" width=\"1024\" height=\"682\" src=\"https:\/\/feb.si\/me\/wp-content\/uploads\/sites\/2\/2024\/05\/unnamed-3-1024x682.jpg\" alt=\"\" class=\"wp-image-2231\" srcset=\"https:\/\/feb.si\/me\/wp-content\/uploads\/sites\/2\/2024\/05\/unnamed-3-1024x682.jpg 1024w, https:\/\/feb.si\/me\/wp-content\/uploads\/sites\/2\/2024\/05\/unnamed-3-300x200.jpg 300w, https:\/\/feb.si\/me\/wp-content\/uploads\/sites\/2\/2024\/05\/unnamed-3-768x512.jpg 768w, https:\/\/feb.si\/me\/wp-content\/uploads\/sites\/2\/2024\/05\/unnamed-3-1536x1023.jpg 1536w, https:\/\/feb.si\/me\/wp-content\/uploads\/sites\/2\/2024\/05\/unnamed-3.jpg 1600w\" sizes=\"(max-width: 1024px) 100vw, 1024px\" \/><figcaption class=\"wp-element-caption\">Foto: Neboj\u0161a Teji\u0107\/STA<\/figcaption><\/figure>\n\n\n\n<p>Za dostizanje standarda EU klju\u010dnu ulogu igra i privreda, zato je tokom prve posjete slovena\u010dke predsjednice Crnoj Gori uprili\u010den slovena\u010dko-crnogorski forum u Podgorici, na kojem se okupilo 70 predstavnika slovena\u010dkih i crnogorskih preduze\u0107a.<\/p>\n","protected":false},"excerpt":{"rendered":"<p>\u2018Crna Gora i Slovenija imaju zajedni\u010dku pro\u0161lost i zajedni\u010dku budu\u0107nost: kao prijatelji i saveznici, kao ravnopravne dr\u017eave \u010dlanice evropske porodice\u2019 Nakon pauze od pet godina, Crnu Goru je posjetio najvi\u0161i zvani\u010dnik Slovenije, predsjednica te zemlje, Nata\u0161a Pirc Musar. Posjeta koja dolazi iz dr\u017eave, koja ovih dana obilje\u017eava 20 godina od punopravnog \u010dlanstva u EU, ima&#8230;<\/p>\n","protected":false},"author":2,"featured_media":2227,"comment_status":"closed","ping_status":"open","sticky":false,"template":"","format":"standard","meta":{"footnotes":""},"categories":[9],"tags":[],"class_list":["post-2225","post","type-post","status-publish","format-standard","has-post-thumbnail","hentry","category-dogadaji"],"_links":{"self":[{"href":"https:\/\/feb.si\/me\/wp-json\/wp\/v2\/posts\/2225"}],"collection":[{"href":"https:\/\/feb.si\/me\/wp-json\/wp\/v2\/posts"}],"about":[{"href":"https:\/\/feb.si\/me\/wp-json\/wp\/v2\/types\/post"}],"author":[{"embeddable":true,"href":"https:\/\/feb.si\/me\/wp-json\/wp\/v2\/users\/2"}],"replies":[{"embeddable":true,"href":"https:\/\/feb.si\/me\/wp-json\/wp\/v2\/comments?post=2225"}],"version-history":[{"count":4,"href":"https:\/\/feb.si\/me\/wp-json\/wp\/v2\/posts\/2225\/revisions"}],"predecessor-version":[{"id":2237,"href":"https:\/\/feb.si\/me\/wp-json\/wp\/v2\/posts\/2225\/revisions\/2237"}],"wp:featuredmedia":[{"embeddable":true,"href":"https:\/\/feb.si\/me\/wp-json\/wp\/v2\/media\/2227"}],"wp:attachment":[{"href":"https:\/\/feb.si\/me\/wp-json\/wp\/v2\/media?parent=2225"}],"wp:term":[{"taxonomy":"category","embeddable":true,"href":"https:\/\/feb.si\/me\/wp-json\/wp\/v2\/categories?post=2225"},{"taxonomy":"post_tag","embeddable":true,"href":"https:\/\/feb.si\/me\/wp-json\/wp\/v2\/tags?post=2225"}],"curies":[{"name":"wp","href":"https:\/\/api.w.org\/{rel}","templated":true}]}}