{"id":2391,"date":"2024-07-03T06:21:42","date_gmt":"2024-07-03T06:21:42","guid":{"rendered":"https:\/\/feb.si\/me\/?p=2391"},"modified":"2024-07-03T06:21:42","modified_gmt":"2024-07-03T06:21:42","slug":"brisel-ce-zapadnom-balkanu-izdvojiti-dobrih-milijardu-eura","status":"publish","type":"post","link":"https:\/\/feb.si\/me\/blog\/2024\/07\/03\/brisel-ce-zapadnom-balkanu-izdvojiti-dobrih-milijardu-eura\/","title":{"rendered":"Brisel \u0107e zapadnom Balkanu izdvojiti dobrih milijardu eura"},"content":{"rendered":"\n\n\n<p>Evropska komisija je ju\u010de objavila novi investicioni paket za region Zapadnog Balkana, koji bi mogao da podstakne ulaganja u iznosu od 1,2 milijarde eura. Oni \u0107e podr\u017eati ulaganja u vodosnabdijevanje, upravljanje otpadnim vodama, \u017eeljezni\u010dki transport i zelenu transformaciju malih i srednjih preduze\u0107a u regiji.<\/p>\n\n\n\n<p>Paket u iznosu od 1,2 milijarde eura uklju\u010duje 300 miliona eura bespovratnih evropskih sredstava iz instrumenta pretpristupne pomo\u0107i, doprinose zemalja \u010dlanica EU i Norve\u0161ke, kredite me\u0111unarodnih finansijskih institucija i doprinose privreda Zapadnog Balkana, saop\u0161tila je Evropska komisija.<\/p>\n","protected":false},"excerpt":{"rendered":"<p>Evropska komisija je ju\u010de objavila novi investicioni paket za region Zapadnog Balkana, koji bi mogao da podstakne ulaganja u iznosu od 1,2 milijarde eura. Oni \u0107e podr\u017eati ulaganja u vodosnabdijevanje, upravljanje otpadnim vodama, \u017eeljezni\u010dki transport i zelenu transformaciju malih i srednjih preduze\u0107a u regiji. Paket u iznosu od 1,2 milijarde eura uklju\u010duje 300 miliona eura&#8230;<\/p>\n","protected":false},"author":2,"featured_media":0,"comment_status":"closed","ping_status":"open","sticky":false,"template":"","format":"standard","meta":{"footnotes":""},"categories":[3],"tags":[],"class_list":["post-2391","post","type-post","status-publish","format-standard","hentry","category-aktuelno"],"_links":{"self":[{"href":"https:\/\/feb.si\/me\/wp-json\/wp\/v2\/posts\/2391"}],"collection":[{"href":"https:\/\/feb.si\/me\/wp-json\/wp\/v2\/posts"}],"about":[{"href":"https:\/\/feb.si\/me\/wp-json\/wp\/v2\/types\/post"}],"author":[{"embeddable":true,"href":"https:\/\/feb.si\/me\/wp-json\/wp\/v2\/users\/2"}],"replies":[{"embeddable":true,"href":"https:\/\/feb.si\/me\/wp-json\/wp\/v2\/comments?post=2391"}],"version-history":[{"count":1,"href":"https:\/\/feb.si\/me\/wp-json\/wp\/v2\/posts\/2391\/revisions"}],"predecessor-version":[{"id":2392,"href":"https:\/\/feb.si\/me\/wp-json\/wp\/v2\/posts\/2391\/revisions\/2392"}],"wp:attachment":[{"href":"https:\/\/feb.si\/me\/wp-json\/wp\/v2\/media?parent=2391"}],"wp:term":[{"taxonomy":"category","embeddable":true,"href":"https:\/\/feb.si\/me\/wp-json\/wp\/v2\/categories?post=2391"},{"taxonomy":"post_tag","embeddable":true,"href":"https:\/\/feb.si\/me\/wp-json\/wp\/v2\/tags?post=2391"}],"curies":[{"name":"wp","href":"https:\/\/api.w.org\/{rel}","templated":true}]}}