{"id":2403,"date":"2024-07-18T12:40:23","date_gmt":"2024-07-18T12:40:23","guid":{"rendered":"https:\/\/feb.si\/me\/?p=2403"},"modified":"2024-07-18T12:42:49","modified_gmt":"2024-07-18T12:42:49","slug":"ursuli-von-der-leyen-potvrden-drugi-mandat-u-evropskom-parlamentu","status":"publish","type":"post","link":"https:\/\/feb.si\/me\/blog\/2024\/07\/18\/ursuli-von-der-leyen-potvrden-drugi-mandat-u-evropskom-parlamentu\/","title":{"rendered":"Ursuli von der Leyen potvr\u0111en drugi mandat u Evropskom parlamentu"},"content":{"rendered":"\n\n\n<p>Tajnim glasanjem Evropski parlament potvrdio je Ursulu von der Leyen za novi petogodi\u0161nji mandat na \u010delu Evropske komisije. Imenovanje njema\u010dke politi\u010darke iz redova Evropske narodne partije (EPP) podr\u017eao je 401 poslanik. Glasalo je 707 poslanika, 284 je bilo protiv, 15 je bilo uzdr\u017eano.<\/p>\n\n\n\n<p>Podsjetimo, njema\u010dka politi\u010darka podr\u017eava \u0161irenje EU na zemlje Zapadnog Balkana.<\/p>\n\n\n\n<p>Predsjednica Evropske komisije, Ursula von der Leyen, nedavno je rekla: &#8222;\u017delimo br\u017ee pribli\u017eiti Zapadni Balkan EU, jer je pro\u0161irenje klju\u010dni geostrate\u0161ki prioritet.&#8220; Kombinacijom ve\u0107e finansijske pomo\u0107i i reformi, ubrza\u0107emo napredak na\u0161ih partnera sa Zapadnog Balkana na putu ka EU, podsta\u0107i njihovu ekonomsku razmjenu i omogu\u0107iti im da se integri\u0161u u neka podru\u010dja jedinstvenog tr\u017ei\u0161ta i prije pristupanja.<\/p>\n","protected":false},"excerpt":{"rendered":"<p>Tajnim glasanjem Evropski parlament potvrdio je Ursulu von der Leyen za novi petogodi\u0161nji mandat na \u010delu Evropske komisije. Imenovanje njema\u010dke politi\u010darke iz redova Evropske narodne partije (EPP) podr\u017eao je 401 poslanik. Glasalo je 707 poslanika, 284 je bilo protiv, 15 je bilo uzdr\u017eano. Podsjetimo, njema\u010dka politi\u010darka podr\u017eava \u0161irenje EU na zemlje Zapadnog Balkana. Predsjednica Evropske&#8230;<\/p>\n","protected":false},"author":2,"featured_media":0,"comment_status":"closed","ping_status":"open","sticky":false,"template":"","format":"standard","meta":{"footnotes":""},"categories":[3],"tags":[],"class_list":["post-2403","post","type-post","status-publish","format-standard","hentry","category-aktuelno"],"_links":{"self":[{"href":"https:\/\/feb.si\/me\/wp-json\/wp\/v2\/posts\/2403"}],"collection":[{"href":"https:\/\/feb.si\/me\/wp-json\/wp\/v2\/posts"}],"about":[{"href":"https:\/\/feb.si\/me\/wp-json\/wp\/v2\/types\/post"}],"author":[{"embeddable":true,"href":"https:\/\/feb.si\/me\/wp-json\/wp\/v2\/users\/2"}],"replies":[{"embeddable":true,"href":"https:\/\/feb.si\/me\/wp-json\/wp\/v2\/comments?post=2403"}],"version-history":[{"count":3,"href":"https:\/\/feb.si\/me\/wp-json\/wp\/v2\/posts\/2403\/revisions"}],"predecessor-version":[{"id":2406,"href":"https:\/\/feb.si\/me\/wp-json\/wp\/v2\/posts\/2403\/revisions\/2406"}],"wp:attachment":[{"href":"https:\/\/feb.si\/me\/wp-json\/wp\/v2\/media?parent=2403"}],"wp:term":[{"taxonomy":"category","embeddable":true,"href":"https:\/\/feb.si\/me\/wp-json\/wp\/v2\/categories?post=2403"},{"taxonomy":"post_tag","embeddable":true,"href":"https:\/\/feb.si\/me\/wp-json\/wp\/v2\/tags?post=2403"}],"curies":[{"name":"wp","href":"https:\/\/api.w.org\/{rel}","templated":true}]}}