{"id":2410,"date":"2024-07-23T08:31:57","date_gmt":"2024-07-23T08:31:57","guid":{"rendered":"https:\/\/feb.si\/me\/?p=2410"},"modified":"2024-07-23T09:06:28","modified_gmt":"2024-07-23T09:06:28","slug":"svesrpska-deklaracija-skica-za-srpski-svet","status":"publish","type":"post","link":"https:\/\/feb.si\/me\/blog\/2024\/07\/23\/svesrpska-deklaracija-skica-za-srpski-svet\/","title":{"rendered":"Svesrpska deklaracija, skica za srpski savjet"},"content":{"rendered":"\n\n\n<p>Svesrpska deklaracija, klju\u010dno dostignu\u0107e Svesrpskog sabora s po\u010detka juna, nije mogla da iznenadi nikoga ko je pratio de\u0161avanja na Zapadnom Balkanu. Sabor, koji je trebalo da poka\u017ee jedinstvo Srba, odavno je najavljen. Srpski parlament, koji promovi\u0161e ideju &#8222;<em>Jedan narod, jedan parlament &#8211; Srbija i Republika Srpska<\/em>&#8222;, tako\u0111e ne treba da obmanjuje ljude, jer je dovoljno da se pro\u010dita usvojena Strategija nacionalne bezbjednosti i Strategija odbrane Republike Srpske od prije nekoliko godina, koje tako\u0111e promovi\u0161u iste ideje kao prioritete nacionalne sigurnosti.<\/p>\n\n\n\n<p>Vu\u010di\u0107 i Dodik samo su &#8222;spreveli&#8220; ono \u0161to je tamo napisano na jezik razumljiv obi\u010dnim ljudima i naglasili da je to dan kada su se Srbi ujedinili u odbrani slobode i svojih nacionalnih interesa. Kako je napomenula Ivana Stradner, nau\u010dni saradnik Fondacije za odbranu demokratije u Va\u0161ingtonu, u tekstu deklaracije svesrpskog sabora, koji predvode lideri Srbije i Republike Srpske, Aleksandar Vu\u010di\u0107 i Milorad Dodik te srpski patrijarh Porfije je mogu\u0107e mnogo toga na\u0107i.<\/p>\n\n\n\n<p>Po\u010dev\u0161i od neizbje\u017ene paranoje da su Srbija i Republika Srpska \u017ertve stranih faktora i da je sve to zbog odbrane od neprijatelja u regionu odnosno za \u0161irenje nacionalizma za zadovoljenje desni\u010darskih struja: tu je i malo &#8216;pjesme&#8217; vezano za ekonomsku i regionalnu saradnju \u0161to Zapad \u017eeli da \u010duje, kako bi mu se cijeli paket lak\u0161e prodao, nabrojava Stradner.<\/p>\n\n\n\n<p>U deklaraciji se pominje &#8222;proces evropskih integracija&#8220;, ali ne i \u010dlanstvo u EU. \u0160to bi moglo da uka\u017ee na to da Vu\u010di\u0107 ne \u017eeli Srbiju u EU, kako bi \u0161to du\u017ee ostao na vlasti, ali zato su mu potrebna sredstva iz Evropske unije, pa mu odgovara da \u201eproces evropskih integracija\u201c traje kao \u0161to je du\u017ee mogu\u0107e. Deklaracija se fokusirala ne samo na Republiku Srpsku, ve\u0107 i na \u0161ire podru\u010dje u regionu, uklju\u010duju\u0107i Kosovo i Crnu Goru. Budu\u0107i da je deklaracija svojevrsni odgovor na rezoluciju UN-a o genocidu u Srebrenici, posebna pa\u017enja je posve\u0107ena i ovoj rezoluciji, a kao kontramjera se najavljuje Jasenovac i &#8222;internacionalizacija teme stradanja Srba&#8220;.<\/p>\n\n\n\n<p><strong>Koje su Dodikove poruke sa \u201eSvesrpskog sabora&#8220;<\/strong>?<\/p>\n\n\n\n<p>Vu\u010di\u0107ev govor na Trgu Republike u glavnom gradu Srbije nakon potpisivanja deklaracije, o\u010dekivano, prikazuje predsjednika Srbije u ulozi \u017ertve, ali nije bilo bez upozorenja da \u017eivimo u te\u0161kim vremenima, a o tome \u010dija je to krivda, nije bilo ni rije\u010di. U stilu uobi\u010dajene manipulativne strategije autoritarnih lidera, srpski predsednik je sebe prikazao kao spasioca.<\/p>\n\n\n\n<p>Dodik je ponovio jasnu poruku koju je ve\u0107 nekoliko puta iznio, da \u0107e se srpski narod ujediniti i definitivno postati jedno. Lider bosanskih Srba, koji godinama prijeti secesijom i jedan je od posljednjih evropskih politi\u010dara koji se redovno sastaje sa ruskim predsjednikom Vladimirom Putinom, nedavno je najavio da \u0107e Republika Srpska ponuditi ostatku Bosne i Hercegovine mirni sporazum o razdvajanju. Kontinuirana upozorenja zapadnih zemalja da ne\u0107e dozvoliti bilo kakav oblik dezintegracije Bosne i Hercegovine Dodiku zvu\u010de \u0161uplje, jer je uvjeren da su SAD i cijeli Zapad previ\u0161e fokusirani na rat u Ukrajini, ono \u0161to se de\u0161ava u Izraelu kao i na kinesku prijetnju da bi se mogla ozbiljno posvetiti doga\u0111ajima na Balkanu.<\/p>\n\n\n\n<p>Doga\u0111aji i izjave na svesrpskom skupu ve\u0107inu analiti\u010dara podsje\u0107a na a\u017euriranu verziju ideje velike Srbije, koja je biv\u0161u Jugoslaviju gurnula u krvave ratove devedesetih godina. Postoje i paralele sa sintagmom \u201eSrpski savez\u201c, kojom su neki krajnje desni\u010darski srpski politi\u010dari imitirali ideju ruskog saveza koja se trenutno sprovodi u Ukrajini. Dana\u0161nja Srbija previ\u0161e li\u010di na Rusiju od prije nekoliko decenija da bi Evropska unija sjedela skr\u0161tenih ruku. Ja\u010danje oligarha, pove\u0107anje ekonomskih razlika u dru\u0161tvu, porast nacionalizma, instrumentalizacija crkve u bezbjednosne svrhe, smanjenje demokratskih standarda i nivoa za\u0161tite ljudskih prava i sli\u010dne pojave u Srbiji ne uznemiravaju preterano Zapad, jer ra\u010duna da mo\u017ee ekonomskim interesima i posredno pritiskom zapadnih investitora lako upravljati sigurnosnom situacijom u zemlji.<\/p>\n\n\n\n<p><strong>Za\u0161to su toliko zabrinuti u Bosni i Hercegovini?<\/strong><\/p>\n\n\n\n<p>Takva ra\u010dunica izgleda prili\u010dno rizi\u010dna i vi\u0161e podsje\u0107a na razmi\u0161ljanje kockara nego na razmi\u0161ljanje ozbiljnog analiti\u010dara. Da ono \u0161to se de\u0161ava u Srbiji i prekograni\u010dna integracija Srba nije sasvim nevino, pokazuje i prekograni\u010dna reakcija na ovo \u0161to se de\u0161ava. Predsjednik tro\u010dlanog Predsjedni\u0161tva Bosne i Hercegovine Denis Be\u0107irovi\u0107 sazvao je hitan sastanak sa ambasadorima dr\u017eava \u010dlanica Quinte (Sjedinjene Ameri\u010dke Dr\u017eave, Njema\u010dka, Francuska, Velika Britanija i Italija).<\/p>\n\n\n\n<p>Va\u017enom sastanku prisustvovali su i \u0161ef delegacije Evropske unije u BiH Johann Sattler i visoki predstavnik u Bosni i Hercegovini Christian Schmidt.<\/p>\n\n\n\n<p>Na sastanku je razgovarano o aktuelnim politi\u010dkim, sigurnosnim i drugim izazovima u Bosni i Hercegovini i regionu, s posebnim naglaskom na antidejtonsko i protivustavno djelovanje vlasti bosansko-hercegova\u010dkog entiteta Republike Srpske, koje, prema njihovim uvjerenjima, ugro\u017eava mir i podriva nezavisnost, suverenitet i teritorijalni integritet dr\u017eave Bosne i Hercegovine.<\/p>\n\n\n\n<p>Ideja ruskog kao i srpskog savjeta, je revan\u0161isti\u010dka i koristi se za prekrajanje istorije, dodao je on.<\/p>\n\n\n\n<p>\u201eMnogi nisu razumjeli Milo\u0161evi\u0107ev govor na Gazimestanu 1989. godine, a na \u017ealost mnogi ne razumiju razorne posledice takozvane Deklaracije i svesrpskog sabora. Posebno su opasna dva aspekta ove izjave: a) institucionalizacija odnosa izme\u0111u dr\u017eave Republike Srbije i jedne administrativne jedinice u drugoj dr\u017eavi; b) antidejtonski, antievropski i antiustavni sadr\u017eaj usvojene Deklaracije u potpunosti se pozivao na Dejtonski mirovni sporazum\u201c, naglasio je Be\u0107irovi\u0107.<\/p>\n\n\n<div class=\"wp-block-image\">\n<figure class=\"alignleft size-full is-resized\"><img loading=\"lazy\" decoding=\"async\" src=\"https:\/\/feb.si\/me\/wp-content\/uploads\/sites\/2\/2024\/07\/1709743481-denis-becirovic-750x422-1.jpg.webp\" alt=\"\" class=\"wp-image-2415\" width=\"573\" height=\"321\" srcset=\"https:\/\/feb.si\/me\/wp-content\/uploads\/sites\/2\/2024\/07\/1709743481-denis-becirovic-750x422-1.jpg.webp 750w, https:\/\/feb.si\/me\/wp-content\/uploads\/sites\/2\/2024\/07\/1709743481-denis-becirovic-750x422-1.jpg-300x169.webp 300w\" sizes=\"(max-width: 573px) 100vw, 573px\" \/><figcaption class=\"wp-element-caption\">Predsjedavaju\u0107i tri\u010dlanskog Predsjedni\u0161tva Bosne i Hercegovine Denis Be\u0107irovi\u0107 <\/figcaption><\/figure><\/div>\n\n\n<p>Nema sumnje, dodaje, da je Deklaracija takozvane svesrpske skup\u0161tine Srbije i  entiteta Bosne i Hercegovine Republike Srpske apsolutno suprotno praksi u demokratskom i civiliziranom svijetu; temeljnim normama me\u0111unarodnog prava i suverenitetu dr\u017eave Bosne i Hercegovine. \u201cTo tako\u0111e ugro\u017eava temeljne principe na kojima po\u010diva EU; temeljne principe me\u0111udr\u017eavnih odnosa dr\u017eava \u010dlanica UN, kao i mirnu i ravnopravnu saradnju evropskih zemalja\u201c, istakao je Be\u0107irovi\u0107 u obra\u0107anju ambasadorima.<\/p>\n\n\n\n<p>Tokom vi\u0161e\u010dasovne rasprave, u kojoj su u\u010destvovali svi pozvani, skrenuli su pa\u017enju na zna\u010daj zaklju\u010daka posljednje sjednice Vije\u0107a za implementaciju mira (PIC), u kojima je pisalo da vlasti entiteta Republika Srpska flagrantno ugro\u017eavaju Op\u0161ti okvirni sporazum za mir, ustavni i pravni sistem BiH i njen suverenitet i teritorijalni integritet. Svi u\u010desnici sastanka istakli su da \u0107e u narednom periodu biti neophodan vi\u0161i nivo koordinacije i efikasnije funkcionisanje me\u0111unarodne zajednice u Bosni i Hercegovini. Kao i vi\u0161e puta u proteklom periodu, i na ovom sastanku, predstavnici za BiH klju\u010dnih zemalja me\u0111unarodne zajednice jednoglasno su se izjasnili da je nezavisna, suverena i multietni\u010dka Bosna i Hercegovina u zajedni\u010dkom interesu BiH, Evropske unije, Sjedinjenih Dr\u017eava i Ujedinjenog Kraljevstva.<\/p>\n\n\n\n<p><strong>Da li je ovo zaista kraj evropskog puta za Srbiju?<\/strong><\/p>\n\n\n\n<p>Veliki dio, posebno proevropski dio srpske opozicije upozorava da svesrpsko izja\u0161njavanje zna\u010di kraj puta Srbije u EU. \u0160tavi\u0161e, zabrinuti su da je Srbija odvedena od svih civilizacijskih tokova, a u pozadini bi, po njihovom mi\u0161ljenju, mogla da se krije izuzetno ozbiljna pretnja miru i bezbjednosti u regionu.<\/p>\n\n\n<div class=\"wp-block-image\">\n<figure class=\"alignleft size-full is-resized\"><img loading=\"lazy\" decoding=\"async\" src=\"https:\/\/feb.si\/me\/wp-content\/uploads\/sites\/2\/2024\/07\/slobodan-milosevic-gazimestan-2-foto-pzs.jpg\" alt=\"\" class=\"wp-image-2433\" width=\"565\" height=\"292\" srcset=\"https:\/\/feb.si\/me\/wp-content\/uploads\/sites\/2\/2024\/07\/slobodan-milosevic-gazimestan-2-foto-pzs.jpg 808w, https:\/\/feb.si\/me\/wp-content\/uploads\/sites\/2\/2024\/07\/slobodan-milosevic-gazimestan-2-foto-pzs-300x155.jpg 300w, https:\/\/feb.si\/me\/wp-content\/uploads\/sites\/2\/2024\/07\/slobodan-milosevic-gazimestan-2-foto-pzs-768x396.jpg 768w\" sizes=\"(max-width: 565px) 100vw, 565px\" \/><figcaption class=\"wp-element-caption\">Milo\u0161evi\u0107ev istorijski govor i najava ratova na Gazimestanu<\/figcaption><\/figure><\/div>\n\n\n<p>Posledice ove deklaracije mogu da uti\u010du na Srbiju i njenu budu\u0107nost, sli\u010dno kao \u0161to su poruke Slobodana Milo\u0161evi\u0107a sa Gazimestana imale svoje posledice. Za razliku od Milo\u0161evi\u0107a, koji je 1989. govorio samo o velikosrpskim stavovima i nacionalizmu, Vu\u010di\u0107 i Dodik su nacional\u0161ovinizam i srpski svijet formalizovali u okviru deklaracije, koju moraju odobriti parlamenti Srbije i Republike Srpske. Te\u0161ko je prona\u0107i ozbiljan balkanski problem na koji ova deklaracija ne bi negativno uticala, isto va\u017ei i za sukobe u regionu.<\/p>\n\n\n\n<p>Na primjer, deklaracijom se uspostavlja svojevrsna nacionalisti\u010dka konfederacija Srbije i srpskih entiteta u Bosni i Hercegovini, koja se zove Narodno vije\u0107e srpskog naroda. Dr\u017eavni organi u\u010destvuju u ovom vije\u0107u i tako se formira svojevrsna konfederalna vlada od 12 \u010dlanova, a \u010dine je predsjednik, predsjednik oba parlamenta, premijer, ministar vanjskih poslova, predsjednik Akademije nauka i umjetnosti, te predsjednik Senata Republike Srpske.<\/p>\n\n\n\n<p><strong>Za\u0161to je deklaracija problemati\u010dna?<\/strong><\/p>\n\n\n\n<p>Da se radi o direktnom napadu na Dejtonski mirovni sporazum i ga\u0161enju suvereniteta BiH na isti na\u010din kao \u0161to bi bilo da Njema\u010dka formira sli\u010dnu zajedni\u010dku vladu\/vije\u0107e sa francuskim pokrajinama Alzasom i Lorenom, upozorava i \u010cedomir Stojkovi\u0107, advokat iz Beograda koji poma\u017ee opoziciji i prati prorusko djelovanje srpskih vlasti.<\/p>\n\n\n\n<p>Zaklju\u010dak iz deklaracije da srpski narod predstavlja jedinstvenu cjelinu podsje\u0107a na na\u010din na koji se Adolf Hitler odnosio prema Njemcima u Main Kampfu i mnogim govorima. U oba slu\u010daja se radi o poku\u0161aju ujedinjenja pripadnika nacije u okvirima jedne dr\u017eave, Hitler je to poku\u0161ao sa Tre\u0107im Rajhom, ali za Vu\u010di\u0107a i Dodika je to Velika Srbija. Tamo gde postoji srpski narod, o tome ne\u0107e suditi dr\u017eave u kojima \u017eive Srbi, ve\u0107 pomenuti Svesrpski sabor koji kroz deklaraciju nala\u017ee Srbiji i Republici Srpskoj da daju sve od sebe da zaustave asimilaciju Srba u zemljama regiona i \u0161ireg sveta. Asimilacija je proces u kojem manjina prihvata pravila i obi\u010daje ve\u0107ine, pa se deklaracijom direktno onemogu\u0107ava Srbima u drugim zemljama da po\u0161tuju pravila i obi\u010daje koji tamo va\u017ee.<\/p>\n\n\n\n<p>Iako takve tendencije najvi\u0161e zabrinjavaju Crnu Goru i Kosovo, mogle bi biti zabrinute i druge zemlje, uklju\u010duju\u0107i Sloveniju, u kojoj \u017eivi zna\u010dajan dio srpskog stanovni\u0161tva, upozorava Stojkovi\u0107. U deklaraciji se stoga ka\u017ee da \u0107e Srbija raditi na tome da Srbi ne prihvate pravila i kulturu koja va\u017ee u Sloveniji. Jo\u0161 je rizi\u010dnije da deklaracija u sada\u0161njem obliku direktno kr\u0161i Ohridski sporazum, jer se u deklaraciji Kosovo pominje kao neotu\u0111ivi deo Srbije, odnosno Kosovo se ne tretira kao nezavisna dr\u017eava.<\/p>\n\n\n\n<p>\u0160to se ti\u010de pitanja Bosne i Hercegovine, u deklaraciji se navodi da je Dejtonski sporazum beskorisan, a za izdaju su krivi svi, osim srpskog entiteta. Na ovaj na\u010din se stvara argument za nezavisnost Republike Srpske na sli\u010dan na\u010din kao \u0161to je Vladimir Putin stvorio argument za nezavisnost Donbasa i Krima. Iako ne po\u0161tuje integritet i nedjeljivost Bosne i Hercegovine, deklaracija vi\u0161e puta pominje da je Republika Srpska cjelovita i nedjeljiva. Prema Stojkovi\u0107evim re\u010dima, deklaracija predstavlja prijetnju suverenitetu svake zemlje u kojoj \u017eive Srbi, jer se Srbija obavezuje na prekograni\u010dnu akciju u svakom slu\u010daju kada utvrdi da su prava njenih sunarodnika ugro\u017eena van granica. Sve ovo sna\u017eno podsje\u0107a na Putinov pristup Ukrajini. Stojkovi\u0107 obavje\u0161tava optimiste da Putin na po\u010detku nije pomenuo oru\u017eje i nasilje, ve\u0107 je samo formirao okvir vrijednosti, \u0161to je u slu\u010daju Srbije i uloga pomenute deklaracije. <br>Klju\u010dni problem vrijednosnog okvira je njena isklju\u010divost i zadiranje u suverenitet drugih dr\u017eava, \u0161to neminovno dovodi do sporova sa drugim dr\u017eavama. Svesrpska deklaracija stoga indirektno poziva na stvaranje srpskog savjeta i na otvoreno mije\u0161anje Srbije u unutra\u0161nje stvari drugih zemalja. Svako u regionu treba pa\u017eljivo da pro\u010dita tekst ove deklaracije i probudi se iz dubokog sna i ozbiljno razmisli o rizicima za mir na Balkanu.<\/p>\n","protected":false},"excerpt":{"rendered":"<p>Svesrpska deklaracija, klju\u010dno dostignu\u0107e Svesrpskog sabora s po\u010detka juna, nije mogla da iznenadi nikoga ko je pratio de\u0161avanja na Zapadnom Balkanu. Sabor, koji je trebalo da poka\u017ee jedinstvo Srba, odavno je najavljen. Srpski parlament, koji promovi\u0161e ideju &#8222;Jedan narod, jedan parlament &#8211; Srbija i Republika Srpska&#8222;, tako\u0111e ne treba da obmanjuje ljude, jer je dovoljno&#8230;<\/p>\n","protected":false},"author":2,"featured_media":2432,"comment_status":"closed","ping_status":"open","sticky":false,"template":"","format":"standard","meta":{"footnotes":""},"categories":[2],"tags":[],"class_list":["post-2410","post","type-post","status-publish","format-standard","has-post-thumbnail","hentry","category-analize"],"_links":{"self":[{"href":"https:\/\/feb.si\/me\/wp-json\/wp\/v2\/posts\/2410"}],"collection":[{"href":"https:\/\/feb.si\/me\/wp-json\/wp\/v2\/posts"}],"about":[{"href":"https:\/\/feb.si\/me\/wp-json\/wp\/v2\/types\/post"}],"author":[{"embeddable":true,"href":"https:\/\/feb.si\/me\/wp-json\/wp\/v2\/users\/2"}],"replies":[{"embeddable":true,"href":"https:\/\/feb.si\/me\/wp-json\/wp\/v2\/comments?post=2410"}],"version-history":[{"count":17,"href":"https:\/\/feb.si\/me\/wp-json\/wp\/v2\/posts\/2410\/revisions"}],"predecessor-version":[{"id":2435,"href":"https:\/\/feb.si\/me\/wp-json\/wp\/v2\/posts\/2410\/revisions\/2435"}],"wp:featuredmedia":[{"embeddable":true,"href":"https:\/\/feb.si\/me\/wp-json\/wp\/v2\/media\/2432"}],"wp:attachment":[{"href":"https:\/\/feb.si\/me\/wp-json\/wp\/v2\/media?parent=2410"}],"wp:term":[{"taxonomy":"category","embeddable":true,"href":"https:\/\/feb.si\/me\/wp-json\/wp\/v2\/categories?post=2410"},{"taxonomy":"post_tag","embeddable":true,"href":"https:\/\/feb.si\/me\/wp-json\/wp\/v2\/tags?post=2410"}],"curies":[{"name":"wp","href":"https:\/\/api.w.org\/{rel}","templated":true}]}}