{"id":242,"date":"2023-03-20T12:12:22","date_gmt":"2023-03-20T12:12:22","guid":{"rendered":"http:\/\/feb.si\/me\/?p=242"},"modified":"2023-05-10T10:10:39","modified_gmt":"2023-05-10T10:10:39","slug":"v-crni-gori-v-drugi-krog-predsedniskih-volitev-dukanovic-in-milatovic","status":"publish","type":"post","link":"https:\/\/feb.si\/me\/blog\/2023\/03\/20\/v-crni-gori-v-drugi-krog-predsedniskih-volitev-dukanovic-in-milatovic\/","title":{"rendered":"\u0110ukanovi\u0107 i Milatovi\u0107 u drugom krugu predsjedni\u010dkih izbora u Crnoj Gori"},"content":{"rendered":"\n\n\n<p>Na predsjedni\u010dkim izborima u Crnoj Gori nijedan od sedam kandidata nije osvojio potrebnu ve\u0107inu glasova, pa \u0107e za izbor novog predsjednika biti neophodan drugi krug. Bi\u0107e odr\u017ean 2. aprila, a za mjesto predsjednika Crne Gore \u0107e se boriti aktuelni predsjednik Milo \u0110ukanovi\u0107 i potpredsjednik pokreta Evropa sad! Jakov Milatovi\u0107.<\/p>\n\n\n\n<p>Nezvani\u010dni rezultati nakon vi\u0161e od 80% prebrojanih listi\u0107a pokazuju da je aktuelni predsjednik \u0110ukanovi\u0107 iz Demokratske partije socijalista u prvom krugu osvojio 35,5 odsto glasova.<\/p>\n\n\n\n<p>Na drugom mjestu je Jakov Milatovi\u0107 iz pokreta Europa Sad!, kojeg je podr\u017ealo 29,2 posto bira\u010da.&nbsp;<\/p>\n\n\n\n<p>Kako javlja hrvatska novinska agencija Hina, odaziv bira\u010da je bio 63,1 posto.<\/p>\n\n\n\n<p><\/p>\n\n\n\n<p><\/p>\n","protected":false},"excerpt":{"rendered":"<p>Na predsjedni\u010dkim izborima u Crnoj Gori nijedan od sedam kandidata nije osvojio potrebnu ve\u0107inu glasova, pa \u0107e za izbor novog predsjednika biti neophodan drugi krug. Bi\u0107e odr\u017ean 2. aprila, a za mjesto predsjednika Crne Gore \u0107e se boriti aktuelni predsjednik Milo \u0110ukanovi\u0107 i potpredsjednik pokreta Evropa sad! Jakov Milatovi\u0107. Nezvani\u010dni rezultati nakon vi\u0161e od 80%&#8230;<\/p>\n","protected":false},"author":1,"featured_media":0,"comment_status":"open","ping_status":"open","sticky":false,"template":"","format":"standard","meta":{"footnotes":""},"categories":[3],"tags":[],"class_list":["post-242","post","type-post","status-publish","format-standard","hentry","category-aktuelno"],"_links":{"self":[{"href":"https:\/\/feb.si\/me\/wp-json\/wp\/v2\/posts\/242"}],"collection":[{"href":"https:\/\/feb.si\/me\/wp-json\/wp\/v2\/posts"}],"about":[{"href":"https:\/\/feb.si\/me\/wp-json\/wp\/v2\/types\/post"}],"author":[{"embeddable":true,"href":"https:\/\/feb.si\/me\/wp-json\/wp\/v2\/users\/1"}],"replies":[{"embeddable":true,"href":"https:\/\/feb.si\/me\/wp-json\/wp\/v2\/comments?post=242"}],"version-history":[{"count":4,"href":"https:\/\/feb.si\/me\/wp-json\/wp\/v2\/posts\/242\/revisions"}],"predecessor-version":[{"id":516,"href":"https:\/\/feb.si\/me\/wp-json\/wp\/v2\/posts\/242\/revisions\/516"}],"wp:attachment":[{"href":"https:\/\/feb.si\/me\/wp-json\/wp\/v2\/media?parent=242"}],"wp:term":[{"taxonomy":"category","embeddable":true,"href":"https:\/\/feb.si\/me\/wp-json\/wp\/v2\/categories?post=242"},{"taxonomy":"post_tag","embeddable":true,"href":"https:\/\/feb.si\/me\/wp-json\/wp\/v2\/tags?post=242"}],"curies":[{"name":"wp","href":"https:\/\/api.w.org\/{rel}","templated":true}]}}