{"id":2437,"date":"2024-07-25T13:07:15","date_gmt":"2024-07-25T13:07:15","guid":{"rendered":"https:\/\/feb.si\/me\/?p=2437"},"modified":"2024-07-25T18:02:58","modified_gmt":"2024-07-25T18:02:58","slug":"hrvatska-proglasila-mandica-becica-i-knezevica-nepozeljnima","status":"publish","type":"post","link":"https:\/\/feb.si\/me\/blog\/2024\/07\/25\/hrvatska-proglasila-mandica-becica-i-knezevica-nepozeljnima\/","title":{"rendered":"Hrvatska proglasila Mandi\u0107a, Be\u010di\u0107a i Kne\u017eevi\u0107a nepo\u017eeljnima"},"content":{"rendered":"\n\n\n<p>Ministarstvo vanjskih i evropskih poslova Hrvatske danas je notom koja je upu\u0107ena ambasadi Crne Gore u Zagrebu, izvijestilo Crnu Goru da je Republika Hrvatska proglasila Andriju Mandi\u0107a, predsjednika Skup\u0161tine Crne Gore, Milana Kne\u017eevi\u0107a, poslanika u Skup\u0161tini Crne Gore te Aleksu Be\u010di\u0107a, potpredsjednika Vlade Crne Gore, nepo\u017eeljnima u Republici Hrvatskoj zbog sistemskog djelovanja na naru\u0161avanju dobrosusjedskih odnosa s Republikom Hrvatskom i kontinuiranog zloupotrebljavanja Republike Hrvatske u unutra\u0161nje politi\u010dke svrhe, saop\u0161tio je MVEP.<\/p>\n\n\n\n<p>Dodaju da su dobrosusjedski odnosi jedan od klju\u010dnih elemenata procesa pro\u0161irenja kao i procesa stabilizacije i pridru\u017eivanja te jedan od klju\u010dnih kriterijuma za ocjenjivanje napretka u pristupnom procesu Crne Gore, u skladu sa Pregovara\u010dkim okvirom Evropske unije za Crnu Goru.<\/p>\n\n\n\n<p>&#8222;Hrvatska podr\u017eava evropsku Crnu Goru, podr\u017eava proces pristupanja Evropskoj uniji i zalagala se za napredak na evropskom putu Crne Gore. Republika Hrvatska o\u010dekuje da \u0107e se Crna Gora pona\u0161ati u skladu s evropskim vrijednostima i u evropskom duhu te da \u0107e svoje napore usmjeriti na dalje ispunjavanje uslova i mjerila u pristupnom procesu&#8220;, stoji u saop\u0161tenju MVEP-a. <\/p>\n","protected":false},"excerpt":{"rendered":"<p>Ministarstvo vanjskih i evropskih poslova Hrvatske danas je notom koja je upu\u0107ena ambasadi Crne Gore u Zagrebu, izvijestilo Crnu Goru da je Republika Hrvatska proglasila Andriju Mandi\u0107a, predsjednika Skup\u0161tine Crne Gore, Milana Kne\u017eevi\u0107a, poslanika u Skup\u0161tini Crne Gore te Aleksu Be\u010di\u0107a, potpredsjednika Vlade Crne Gore, nepo\u017eeljnima u Republici Hrvatskoj zbog sistemskog djelovanja na naru\u0161avanju dobrosusjedskih&#8230;<\/p>\n","protected":false},"author":2,"featured_media":0,"comment_status":"closed","ping_status":"open","sticky":false,"template":"","format":"standard","meta":{"footnotes":""},"categories":[3],"tags":[],"class_list":["post-2437","post","type-post","status-publish","format-standard","hentry","category-aktuelno"],"_links":{"self":[{"href":"https:\/\/feb.si\/me\/wp-json\/wp\/v2\/posts\/2437"}],"collection":[{"href":"https:\/\/feb.si\/me\/wp-json\/wp\/v2\/posts"}],"about":[{"href":"https:\/\/feb.si\/me\/wp-json\/wp\/v2\/types\/post"}],"author":[{"embeddable":true,"href":"https:\/\/feb.si\/me\/wp-json\/wp\/v2\/users\/2"}],"replies":[{"embeddable":true,"href":"https:\/\/feb.si\/me\/wp-json\/wp\/v2\/comments?post=2437"}],"version-history":[{"count":4,"href":"https:\/\/feb.si\/me\/wp-json\/wp\/v2\/posts\/2437\/revisions"}],"predecessor-version":[{"id":2442,"href":"https:\/\/feb.si\/me\/wp-json\/wp\/v2\/posts\/2437\/revisions\/2442"}],"wp:attachment":[{"href":"https:\/\/feb.si\/me\/wp-json\/wp\/v2\/media?parent=2437"}],"wp:term":[{"taxonomy":"category","embeddable":true,"href":"https:\/\/feb.si\/me\/wp-json\/wp\/v2\/categories?post=2437"},{"taxonomy":"post_tag","embeddable":true,"href":"https:\/\/feb.si\/me\/wp-json\/wp\/v2\/tags?post=2437"}],"curies":[{"name":"wp","href":"https:\/\/api.w.org\/{rel}","templated":true}]}}