{"id":2445,"date":"2024-07-29T13:09:15","date_gmt":"2024-07-29T13:09:15","guid":{"rendered":"https:\/\/feb.si\/me\/?p=2445"},"modified":"2024-07-29T13:09:15","modified_gmt":"2024-07-29T13:09:15","slug":"vijece-eu-produzilo-je-lajcakov-mandat-do-kraja-januara-2025-godine","status":"publish","type":"post","link":"https:\/\/feb.si\/me\/blog\/2024\/07\/29\/vijece-eu-produzilo-je-lajcakov-mandat-do-kraja-januara-2025-godine\/","title":{"rendered":"Vije\u0107e EU produ\u017eilo je Laj\u010dakov mandat do kraja januara 2025. godine"},"content":{"rendered":"\n\n\n<p>Vije\u0107e EU, u kojem su zastupljene dr\u017eave \u010dlanice, imenovalo je nove specijalne predstavnike EU za Bosnu i Hercegovinu i Kosovo. Istovremeno, odlu\u010dio je da produ\u017ei mandat trojici specijalnih izaslanika EU, me\u0111u kojima je i Laj\u010dak, koji je zadu\u017een za dijalog Beograda i Pri\u0161tine i druga regionalna pitanja Zapadnog Balkana.<br>Vije\u0107e je danas imenovalo Luigija Soreca iz Evropske diplomatske slu\u017ebe u Briselu za novog specijalnog predstavnika EU za Bosnu i Hercegovinu. Specijalni predstavnik Unije na Kosovu bi\u0107e estonski diplomata Aivo Orav.<\/p>\n","protected":false},"excerpt":{"rendered":"<p>Vije\u0107e EU, u kojem su zastupljene dr\u017eave \u010dlanice, imenovalo je nove specijalne predstavnike EU za Bosnu i Hercegovinu i Kosovo. Istovremeno, odlu\u010dio je da produ\u017ei mandat trojici specijalnih izaslanika EU, me\u0111u kojima je i Laj\u010dak, koji je zadu\u017een za dijalog Beograda i Pri\u0161tine i druga regionalna pitanja Zapadnog Balkana.Vije\u0107e je danas imenovalo Luigija Soreca iz&#8230;<\/p>\n","protected":false},"author":2,"featured_media":0,"comment_status":"closed","ping_status":"open","sticky":false,"template":"","format":"standard","meta":{"footnotes":""},"categories":[3],"tags":[],"class_list":["post-2445","post","type-post","status-publish","format-standard","hentry","category-aktuelno"],"_links":{"self":[{"href":"https:\/\/feb.si\/me\/wp-json\/wp\/v2\/posts\/2445"}],"collection":[{"href":"https:\/\/feb.si\/me\/wp-json\/wp\/v2\/posts"}],"about":[{"href":"https:\/\/feb.si\/me\/wp-json\/wp\/v2\/types\/post"}],"author":[{"embeddable":true,"href":"https:\/\/feb.si\/me\/wp-json\/wp\/v2\/users\/2"}],"replies":[{"embeddable":true,"href":"https:\/\/feb.si\/me\/wp-json\/wp\/v2\/comments?post=2445"}],"version-history":[{"count":1,"href":"https:\/\/feb.si\/me\/wp-json\/wp\/v2\/posts\/2445\/revisions"}],"predecessor-version":[{"id":2446,"href":"https:\/\/feb.si\/me\/wp-json\/wp\/v2\/posts\/2445\/revisions\/2446"}],"wp:attachment":[{"href":"https:\/\/feb.si\/me\/wp-json\/wp\/v2\/media?parent=2445"}],"wp:term":[{"taxonomy":"category","embeddable":true,"href":"https:\/\/feb.si\/me\/wp-json\/wp\/v2\/categories?post=2445"},{"taxonomy":"post_tag","embeddable":true,"href":"https:\/\/feb.si\/me\/wp-json\/wp\/v2\/tags?post=2445"}],"curies":[{"name":"wp","href":"https:\/\/api.w.org\/{rel}","templated":true}]}}