{"id":2471,"date":"2024-08-14T13:27:00","date_gmt":"2024-08-14T13:27:00","guid":{"rendered":"https:\/\/feb.si\/me\/?p=2471"},"modified":"2024-08-14T13:27:00","modified_gmt":"2024-08-14T13:27:00","slug":"potpredsednik-vlade-srbije-vulin-nece-biti-sankcija-rusiji","status":"publish","type":"post","link":"https:\/\/feb.si\/me\/blog\/2024\/08\/14\/potpredsednik-vlade-srbije-vulin-nece-biti-sankcija-rusiji\/","title":{"rendered":"Potpredsednik vlade Srbije Vulin: &#8216;ne\u0107e biti sankcija Rusiji&#8217;"},"content":{"rendered":"\n\n\n<p>Biv\u0161i \u0161ef srpske obavje\u0161tajne slu\u017ebe, koji je pod ameri\u010dkim sankcijama zbog ruskih veza, zahvalio se Rusiji na upozorenju u vezi s navodnim planiranim poku\u0161ajem dr\u017eavnog udara u Beogradu.<\/p>\n\n\n\n<p>On je istakao da je Srbija jedina zemlja u Evropi koja nije postala deo &#8222;antiruske histerije&#8220; i dodao da Srbija ne\u0107e uvoditi sankcije Rusiji, iako su to mnogi tra\u017eili.<\/p>\n\n\n\n<p>Vulin, koji je do novembra pro\u0161le godine bio na \u010delu srpske bezbednosno-obave\u0161tajne slu\u017ebe Bia, sastao se u utorak u Moskvi i sa sekretarom ruskog Saveta bezbednosti i donedavnim ministrom odbrane Sergejem \u0160ojguom.<\/p>\n\n\n\n<p>On se zahvalio ruskim sigurnosnim strukturama na upozorenju u vezi sa planiranjem masovnih nereda i poku\u0161aja dr\u017eavnog udara. Predsednik Srbije Aleksandar Vu\u010di\u0107 rekao je dan uo\u010di subotnjih masovnih protesta u Beogradu protiv va\u0111enja litijuma da su od ruskih bezbednosnih slu\u017ebi dobili informaciju da se u Srbiji spremaju masovni neredi sa ciljem dr\u017eavnog udara, a proteste je nazvao poku\u0161aj ru\u0161enja vlade.<\/p>\n\n\n\n<p>Srbija zvani\u010dno podr\u017eava teritorijalni integritet Ukrajine, ali odbija da uvede sankcije Moskvi zbog ruske invazije na Ukrajinu, na koju je njeni zapadni partneri pozivaju kao kandidata za \u010dlanstvo u Evropskoj uniji.<\/p>\n","protected":false},"excerpt":{"rendered":"<p>Biv\u0161i \u0161ef srpske obavje\u0161tajne slu\u017ebe, koji je pod ameri\u010dkim sankcijama zbog ruskih veza, zahvalio se Rusiji na upozorenju u vezi s navodnim planiranim poku\u0161ajem dr\u017eavnog udara u Beogradu. On je istakao da je Srbija jedina zemlja u Evropi koja nije postala deo &#8222;antiruske histerije&#8220; i dodao da Srbija ne\u0107e uvoditi sankcije Rusiji, iako su to&#8230;<\/p>\n","protected":false},"author":2,"featured_media":0,"comment_status":"closed","ping_status":"open","sticky":false,"template":"","format":"standard","meta":{"footnotes":""},"categories":[3],"tags":[],"class_list":["post-2471","post","type-post","status-publish","format-standard","hentry","category-aktuelno"],"_links":{"self":[{"href":"https:\/\/feb.si\/me\/wp-json\/wp\/v2\/posts\/2471"}],"collection":[{"href":"https:\/\/feb.si\/me\/wp-json\/wp\/v2\/posts"}],"about":[{"href":"https:\/\/feb.si\/me\/wp-json\/wp\/v2\/types\/post"}],"author":[{"embeddable":true,"href":"https:\/\/feb.si\/me\/wp-json\/wp\/v2\/users\/2"}],"replies":[{"embeddable":true,"href":"https:\/\/feb.si\/me\/wp-json\/wp\/v2\/comments?post=2471"}],"version-history":[{"count":1,"href":"https:\/\/feb.si\/me\/wp-json\/wp\/v2\/posts\/2471\/revisions"}],"predecessor-version":[{"id":2472,"href":"https:\/\/feb.si\/me\/wp-json\/wp\/v2\/posts\/2471\/revisions\/2472"}],"wp:attachment":[{"href":"https:\/\/feb.si\/me\/wp-json\/wp\/v2\/media?parent=2471"}],"wp:term":[{"taxonomy":"category","embeddable":true,"href":"https:\/\/feb.si\/me\/wp-json\/wp\/v2\/categories?post=2471"},{"taxonomy":"post_tag","embeddable":true,"href":"https:\/\/feb.si\/me\/wp-json\/wp\/v2\/tags?post=2471"}],"curies":[{"name":"wp","href":"https:\/\/api.w.org\/{rel}","templated":true}]}}