{"id":2473,"date":"2024-08-19T05:57:20","date_gmt":"2024-08-19T05:57:20","guid":{"rendered":"https:\/\/feb.si\/me\/?p=2473"},"modified":"2024-08-19T05:57:49","modified_gmt":"2024-08-19T05:57:49","slug":"nova-napetost-na-kosovu","status":"publish","type":"post","link":"https:\/\/feb.si\/me\/blog\/2024\/08\/19\/nova-napetost-na-kosovu\/","title":{"rendered":"Nova napetost u Kosovskoj Mitrovici"},"content":{"rendered":"\n\n\n<p>Kosovska vlada \u017eeli da pusti za saobra\u0107aj most preko rijeke Ibar, koji razdvaja Srbe i Albance u etni\u010dki podijeljenoj Kosovskoj Mitrovici. Otvaranju mosta, koji je ujedno i simbol nasilja i napetosti izme\u0111u dva naroda, protive se kosovski Srbi i vlada u Beogradu, dok je me\u0111unarodna zajednica suzdr\u017eana. Premijer Albin Kurti tvrdi da otvaranje mosta nije usmjereno prema bilo kome i da samo \u017eele olak\u0161ati kretanje po gradu. O doga\u0111ajima u Kosovskoj Mitrovici u nedelju je govorio i predsjednik Srbije Aleksandar Vu\u010di\u0107, koji je pozvao Kfor da ne dozvoli jednostrano otvaranje mosta.<\/p>\n","protected":false},"excerpt":{"rendered":"<p>Kosovska vlada \u017eeli da pusti za saobra\u0107aj most preko rijeke Ibar, koji razdvaja Srbe i Albance u etni\u010dki podijeljenoj Kosovskoj Mitrovici. Otvaranju mosta, koji je ujedno i simbol nasilja i napetosti izme\u0111u dva naroda, protive se kosovski Srbi i vlada u Beogradu, dok je me\u0111unarodna zajednica suzdr\u017eana. Premijer Albin Kurti tvrdi da otvaranje mosta nije&#8230;<\/p>\n","protected":false},"author":2,"featured_media":0,"comment_status":"closed","ping_status":"open","sticky":false,"template":"","format":"standard","meta":{"footnotes":""},"categories":[3],"tags":[],"class_list":["post-2473","post","type-post","status-publish","format-standard","hentry","category-aktuelno"],"_links":{"self":[{"href":"https:\/\/feb.si\/me\/wp-json\/wp\/v2\/posts\/2473"}],"collection":[{"href":"https:\/\/feb.si\/me\/wp-json\/wp\/v2\/posts"}],"about":[{"href":"https:\/\/feb.si\/me\/wp-json\/wp\/v2\/types\/post"}],"author":[{"embeddable":true,"href":"https:\/\/feb.si\/me\/wp-json\/wp\/v2\/users\/2"}],"replies":[{"embeddable":true,"href":"https:\/\/feb.si\/me\/wp-json\/wp\/v2\/comments?post=2473"}],"version-history":[{"count":3,"href":"https:\/\/feb.si\/me\/wp-json\/wp\/v2\/posts\/2473\/revisions"}],"predecessor-version":[{"id":2476,"href":"https:\/\/feb.si\/me\/wp-json\/wp\/v2\/posts\/2473\/revisions\/2476"}],"wp:attachment":[{"href":"https:\/\/feb.si\/me\/wp-json\/wp\/v2\/media?parent=2473"}],"wp:term":[{"taxonomy":"category","embeddable":true,"href":"https:\/\/feb.si\/me\/wp-json\/wp\/v2\/categories?post=2473"},{"taxonomy":"post_tag","embeddable":true,"href":"https:\/\/feb.si\/me\/wp-json\/wp\/v2\/tags?post=2473"}],"curies":[{"name":"wp","href":"https:\/\/api.w.org\/{rel}","templated":true}]}}