{"id":2505,"date":"2024-09-02T08:52:50","date_gmt":"2024-09-02T08:52:50","guid":{"rendered":"https:\/\/feb.si\/me\/?p=2505"},"modified":"2024-09-03T09:17:50","modified_gmt":"2024-09-03T09:17:50","slug":"bledski-strateski-forum-bice-imenovan-evropski-komesar-koji-ce-biti-iskljucivo-zaduzen-za-prosirenje-eu","status":"publish","type":"post","link":"https:\/\/feb.si\/me\/blog\/2024\/09\/02\/bledski-strateski-forum-bice-imenovan-evropski-komesar-koji-ce-biti-iskljucivo-zaduzen-za-prosirenje-eu\/","title":{"rendered":"Bledski strate\u0161ki forum: Bi\u0107e imenovan evropski komesar koji \u0107e biti isklju\u010divo zadu\u017een za pro\u0161irenje EU"},"content":{"rendered":"\n<p>Prije po\u010detka panela lidera je na govornicu iza\u0161la i predsjednica Evropske komisije Ursula von der Leyen. U svom govoru, Von der Leyen se fokusirala na zapadni Balkan, za koji je rekla da je u pro\u0161losti uvijek bio granica izme\u0111u istoka i zapada, sjevera i juga. Ali u novoj stvarnosti, dodala je, oni \u017eele biti dio \u0161ire evropske porodice. Istovremeno je uperila prst u Rusiju, koja \u017eeli da o\u017eivi stare sukobe i posije podjele, te tako sprije\u010di put naprijed. \u201eAli ve\u0107ina ljudi na Zapadnom Balkanu ne \u017eeli fragmentaciju, oni \u017eele integraciju. I to im moramo pru\u017eiti&#8220;, istakla je predsjednica Evropske komisije.<\/p>\n\n\n\n<p>Ona je integraciju zemalja Zapadnog Balkana u Evropsku uniju opisala kao klju\u010dnu, ako Evropa \u017eeli da bude konkurentna i ako \u017eeli da bude u stanju da se odbrani. \u201eDrugim rije\u010dima: \u017eelimo jaku, konkurentnu i sigurnu Evropu. To uklju\u010duje zemlje zapadnog Balkana, Ukrajinu i Moldaviju&#8220;, dodala je.<\/p>\n\n\n\n<p>Na Bledskom strate\u0161kom forumu odr\u017ean je panel lidera na kojem su u\u010destvovali premijeri Slovenije, Albanije, Hrvatske i Srbije. Albanski premijer Edi Rama slo\u017eio se sa hrvatskim kolegom Andrejom Plenkovi\u0107em da je &#8222;glavni promoter ideje pro\u0161irenja EU Vladimir Putin&#8220;, srpski premijer Milo\u0161 Vu\u010devi\u0107 govorio je o ljubavi Srbije prema &#8222;slovenskoj bra\u0107i&#8220;, a premijer Robert Golob se dotaknuo slovena\u010dkog priznanja Palestine.<\/p>\n\n\n\n<p><\/p>\n","protected":false},"excerpt":{"rendered":"<p>Prije po\u010detka panela lidera je na govornicu iza\u0161la i predsjednica Evropske komisije Ursula von der Leyen. U svom govoru, Von der Leyen se fokusirala na zapadni Balkan, za koji je rekla da je u pro\u0161losti uvijek bio granica izme\u0111u istoka i zapada, sjevera i juga. Ali u novoj stvarnosti, dodala je, oni \u017eele biti dio&#8230;<\/p>\n","protected":false},"author":2,"featured_media":0,"comment_status":"closed","ping_status":"open","sticky":false,"template":"","format":"standard","meta":{"footnotes":""},"categories":[3],"tags":[],"class_list":["post-2505","post","type-post","status-publish","format-standard","hentry","category-aktuelno"],"_links":{"self":[{"href":"https:\/\/feb.si\/me\/wp-json\/wp\/v2\/posts\/2505"}],"collection":[{"href":"https:\/\/feb.si\/me\/wp-json\/wp\/v2\/posts"}],"about":[{"href":"https:\/\/feb.si\/me\/wp-json\/wp\/v2\/types\/post"}],"author":[{"embeddable":true,"href":"https:\/\/feb.si\/me\/wp-json\/wp\/v2\/users\/2"}],"replies":[{"embeddable":true,"href":"https:\/\/feb.si\/me\/wp-json\/wp\/v2\/comments?post=2505"}],"version-history":[{"count":2,"href":"https:\/\/feb.si\/me\/wp-json\/wp\/v2\/posts\/2505\/revisions"}],"predecessor-version":[{"id":2507,"href":"https:\/\/feb.si\/me\/wp-json\/wp\/v2\/posts\/2505\/revisions\/2507"}],"wp:attachment":[{"href":"https:\/\/feb.si\/me\/wp-json\/wp\/v2\/media?parent=2505"}],"wp:term":[{"taxonomy":"category","embeddable":true,"href":"https:\/\/feb.si\/me\/wp-json\/wp\/v2\/categories?post=2505"},{"taxonomy":"post_tag","embeddable":true,"href":"https:\/\/feb.si\/me\/wp-json\/wp\/v2\/tags?post=2505"}],"curies":[{"name":"wp","href":"https:\/\/api.w.org\/{rel}","templated":true}]}}