{"id":2509,"date":"2024-09-04T09:20:51","date_gmt":"2024-09-04T09:20:51","guid":{"rendered":"https:\/\/feb.si\/me\/?p=2509"},"modified":"2024-09-03T10:26:39","modified_gmt":"2024-09-03T10:26:39","slug":"makedonsku-servilnost-prema-eu-zamijenio-je-oportunizam-ima-li-region-zbog-cega-da-brine","status":"publish","type":"post","link":"https:\/\/feb.si\/me\/blog\/2024\/09\/04\/makedonsku-servilnost-prema-eu-zamijenio-je-oportunizam-ima-li-region-zbog-cega-da-brine\/","title":{"rendered":"Makedonsku servilnost prema EU zamijenio je oportunizam, ima li region zbog \u010dega da brine?"},"content":{"rendered":"\n\n\n<p class=\"has-text-align-center\"><em>Uloga vrijednog studenta nije im se isplatila, umjesto da ubrzaju put ka EU, Makedonci su stalno dobivali nove balvane pod nogama od svojih susjeda, zato su odabrali druga\u010diji pristup.<\/em><\/p>\n\n\n\n<p>\u0160est godina nakon potpisivanja Prespanskog sporazuma sa Gr\u010dkom, kada je socijalisti\u010dka vlada Zorana Zaeva pristala na bolno preimenovanje Makedonije u Sjevernu Makedoniju kako bi uklonila gr\u010dki veto na po\u010detak pregovora o \u010dlanstvu u EU, malom balkanskom dr\u017eavom vladaju desno orijentisani VMRO-DPMNE, na \u010delu sa premijerom Hristijanom Mickoskim. Mickoski i njegova strana\u010dka koleginica, predsjednica Sjeverne Makedonije, Gordana Siljanovska Davkova, tako\u0111e su do\u0161li na vlast sa populisti\u010dkom tvrdnjom da \u0107e ignorisati Prespanski sporazum i da \u0107e u komunikaciji gdje god je to mogu\u0107e koristiti stari naziv dr\u017eave Makedonija.<\/p>\n\n\n\n<p>Naravno, pod pritiskom me\u0111unarodne zajednice, ubrzo su morali da prona\u0111u na\u010dine da ubla\u017ee svoju o\u0161tru retoriku, ali sklapanjem strate\u0161kog partnerstva sa Ma\u0111arskom vrijednog 500 miliona eur, vlasti u Skoplju su jasno pokazale Evropskoj uniji da nekada\u0161nji uzoran student Sjeverna Makedonija vi\u0161e nije spremna olako vjerovati evropskim obe\u0107anjima i da vlastitu finansijsku dobit stavlja ispred li\u010dnog imid\u017ea uzornog studenta.<\/p>\n\n\n\n<p><strong>Ne\u0107e zaboraviti <\/strong><strong>\u017ertvu koju su napravili<\/strong><\/p>\n\n\n\n<p>Nakon potpisivanja zna\u010dajnog Prespanskog sporazuma u junu 2018. godine, umjesto otvorenog autoputa u evropsku budu\u0107nost, gra\u0111ani Sjeverne Makedonije su izbliza vidjeli i iskusili sporost procesa pristupanja i nepovratan pad kredibiliteta Evropske unije. Sve se to ogleda u postepenom, ali sigurnom opadanju podr\u0161ke javnosti \u010dlanstvu u Uniji. Prema podacima iz istra\u017eivanja javnog mnjenja skopskog Instituta za demokratiju Societas Civilis (IDSCS), podr\u0161ka \u010dlanstvu u EU je konkretno pala sa preko 90 posto u 2005. na 60 do 65 posto u posljednjih nekoliko godina.<\/p>\n\n\n\n<p>\u201cNije samo gola podr\u0161ka \u010dlanstvu u EU ono \u0161to zabrinjava, ona je jo\u0161 uvijek relativno visoka i iznosi 60 do 65 posto. Ono \u0161to me brine je da ljudi vi\u0161e ne vjeruju da bi \u010dlanstvo u EU moglo pobolj\u0161ati poredak u zemlji i stanje demokratije u na\u0161oj zemlji. Ljudi vide i svjesni su da evropski standardi vi\u0161e ne vrijede kao nekada, ve\u0107 je proces pro\u0161irenja strogo politi\u010dki i proizvoljan proces koji se mijenja i prilago\u0111ava trenutnoj situaciji u svijetu i regionu\u201c, obja\u0161njava Marko Tro\u0161anovski, politi\u010dki analiti\u010dar i predsednik skopskog IDSCS instituta. Vremena kada su Makedonci u Evropskoj uniji vidjeli iluziju o najboljem od oba svijeta su nepovratno pro\u0161la, sada EU vide kao najmanje lo\u0161 mogu\u0107i izbor, najmanje zlo.<\/p>\n\n\n\n<figure class=\"wp-block-image size-large\"><img loading=\"lazy\" decoding=\"async\" width=\"1024\" height=\"448\" src=\"https:\/\/feb.si\/me\/wp-content\/uploads\/sites\/2\/2024\/09\/62547375_1006-1024x448.jpg\" alt=\"\" class=\"wp-image-2510\" srcset=\"https:\/\/feb.si\/me\/wp-content\/uploads\/sites\/2\/2024\/09\/62547375_1006-1024x448.jpg 1024w, https:\/\/feb.si\/me\/wp-content\/uploads\/sites\/2\/2024\/09\/62547375_1006-300x131.jpg 300w, https:\/\/feb.si\/me\/wp-content\/uploads\/sites\/2\/2024\/09\/62547375_1006-768x336.jpg 768w, https:\/\/feb.si\/me\/wp-content\/uploads\/sites\/2\/2024\/09\/62547375_1006-1536x672.jpg 1536w, https:\/\/feb.si\/me\/wp-content\/uploads\/sites\/2\/2024\/09\/62547375_1006.jpg 1600w\" sizes=\"(max-width: 1024px) 100vw, 1024px\" \/><figcaption class=\"wp-element-caption\">Podr\u0161ka \u010dlanstvu u EU u Sjevernoj Makedoniji je jo\u0161 uvijek relativno visoka.<\/figcaption><\/figure>\n\n\n\n<p>Da bismo razumjeli pozadinu povratka desni\u010darske VMRO-DPMNE na vlast u maju (vladu vodi predsjednik ove stranke Hristijan Mickoski, a predsjednica republike Gordana Siljanovska-Davkova je njegova strana\u010dka koleginica), neophodno je da se razumije frustracija Makedonaca. <br>Dogovorili su se da promijene ime zemlje pod pritiskom gr\u010dkog veta na po\u010detku pregovora o pristupanju EU 2018. godine. Ubrzo je me\u0111utim postalo jasno da ispunjavanje zahtjeva njihovog velikog susjeda Gr\u010dke nije ubrzalo njihov put ka kona\u010dnom nacionalnom cilju, \u010dlanstvu u Evropskoj uniji. \u201cLjudi u na\u0161oj zemlji stekli su utisak da nemaju sve zemlje iste standarde za ulazak u Uniju. U pore\u0111enju sa mnogim drugim dr\u017eavama \u010dlanicama, postavljeni su nam zahtjevi koji su bili na ivici ludila i direktno zadirali u na\u0161e nacionalno dostojanstvo. Uprkos tome, pristali smo na svakako vrlo problemati\u010dan zahtjev za promjenom imena zemlje, odluku koja je izvor stalne frustracije i polarizacije u dru\u0161tvu. Kada se ispostavilo da smo se uzalud klanjali ja\u010dem kom\u0161iji, usledile su bugarske iznude. <\/p>\n\n\n<div class=\"wp-block-image\">\n<figure class=\"alignleft size-full is-resized\"><img loading=\"lazy\" decoding=\"async\" src=\"https:\/\/feb.si\/me\/wp-content\/uploads\/sites\/2\/2024\/09\/Marko-Trosanovski-2.jpg\" alt=\"\" class=\"wp-image-2511\" width=\"318\" height=\"358\" srcset=\"https:\/\/feb.si\/me\/wp-content\/uploads\/sites\/2\/2024\/09\/Marko-Trosanovski-2.jpg 300w, https:\/\/feb.si\/me\/wp-content\/uploads\/sites\/2\/2024\/09\/Marko-Trosanovski-2-266x300.jpg 266w\" sizes=\"(max-width: 318px) 100vw, 318px\" \/><figcaption class=\"wp-element-caption\">Marko Tro\u0161anovski, politi\u010dki analiti\u010dar i predsednik skopskog IDSCS instituta<\/figcaption><\/figure><\/div>\n\n\n<p><br>Dakle, kada govorimo o evropskim integracijama Makedonije, sve te frustracije moramo dr\u017eati pred o\u010dima kako bismo bolje razumjeli trenutnu situaciju\u201c, obja\u0161njava Tro\u0161anovski. Unato\u010d op\u0161toj svijesti da se mala dr\u017eava sa ne\u0161to vi\u0161e od dva miliona stanovnika ne mo\u017ee mnogo pomaknuti u igricama velikih susjeda, nakon neuspje\u0161nog pokoravanja gr\u010dkim zahtjevima, bugarska iznuda izazvala je izuzetno sna\u017ean otpor u makedonskoj javnosti.<\/p>\n\n\n\n<p>Vladaju\u0107a VMRO-DPMNE, koju je za vrijeme vladavine Nikole Gruevskog izme\u0111u 2006. i 2016. obilje\u017eila korupcija i veliki skandal prislu\u0161kivanja, veliki dio zasluga za svoj ponovni uspon na vlast mo\u017ee pripisati \u010dinjenici da, za razliku od socijalista i Zorana Zaeva, koji je do tada vladao, nisu bili spremni ni\u0161ta da potpi\u0161u, kako bi zemlju uveli u Evropsku uniju. Bira\u010di u Sjevernoj Makedoniji tako\u0111e su iz prve ruke osjetili kako evropske vrijednosti nijesu univerzalne i da se mogu prilagoditi u korist ve\u0107ih na \u0161tetu manjih, a evropska uvjeravanja i garancije se manje ra\u010dunaju u realnoj svakodnevnoj politici, zbog \u010dega se buntovni\u010dki stav VMRO-DPMNE ipak dovoljno rangirao, da odvaga grijehe ove partije iz pro\u0161losti.<\/p>\n\n\n\n<p>Drugi razlog za povratak desni\u010dara na vlast u Skoplju je istorijski razo\u010daravaju\u0107a situacija prethodne vlasti. \u201cPrethodna vlast je zata\u0161kavala probleme u mnogim oblastima. U oblasti borbe protiv korupcije, koja bi trebalo da bude jedan od glavnih prioriteta, nisu pokazali prakti\u010dno ni\u0161ta, upravljanje i rukovo\u0111enje prethodne vlasti mo\u017ee se okarakterisati samo kao lo\u0161e, a rekordno nizak nivo povjerenja u dr\u017eavu  i institucije je ne\u0161to za \u0161to isto treba da odgovaraju\u201c, obja\u0161njava Tro\u0161anovski. Kada su se politi\u010dka i ekonomska kriza spojile nakon zavr\u0161etka epidemije korona virusa, digla se savr\u0161ena oluja koja bi oduvala svaku vlast sa ovako skromnim rezultatima, uvjeren je sagovornik. Posljedice gubitka povjerenja u institucije u Sjevernoj Makedoniji ima\u0107e puno du\u017ei epilog u odnosu na to koliko \u0107e im trebati da se izvuku iz naizgled beskrajne i slo\u017eene politi\u010dke krize.<\/p>\n\n\n\n<p>Iako su i premijer Mickoski i predsjednica Siljanovska Davkova uzbu\u0111ivali makedonske nacionaliste prije izbora i odmah nakon izbora o\u0161trom retorikom koja odlu\u010dno odbacuje novo ime zemlje, nakon prvih nekoliko me\u0111unarodnih susreta smanjili su tenziju. Sasvim je o\u010dekivano da je i jednima i drugima potrebno neko vrijeme da \u0161to dostojanstvenije iza\u0111u iz predizborne retorike, ali napori u tom pravcu dali su analiti\u010darima jasan signal da \u0107e i jedni i drugi po\u0161tovati Prespanski sporazum, jer im je sasvim jasno da bi ozbiljne povrede ovog me\u0111unarodnog sporazuma mogao postati novi problem za Sjevernu Makedoniju u ve\u0107 dugom nizu problema. &#8222;Mickoski je na samitu NATO-a jasno stavio do znanja da \u0107e po\u0161tovati Prespanski sporazum, ali i predsjednica tra\u017ei izlaz iz prethodne retorike i \u010dini se da tek pili novu retori\u010dku strategiju&#8220;, ka\u017ee sagovornik.<\/p>\n\n\n\n<p><strong>Ukrajina je gurnula Balkan u drugi plan<\/strong><\/p>\n\n\n\n<p>Ruski napad na Ukrajinu bio je dodatni udarac kredibilitetu Evropske unije u o\u010dima gra\u0111ana Sjeverne Makedonije, pojaviv\u0161i se kao novi faktor koji gura njihove nade za \u010dlanstvo u evropskoj porodici u neodre\u0111eno daleku budu\u0107nost. Neposredno nakon po\u010detka rata \u010dinilo se da su donosioci odluka u Evropskoj uniji shvatili zna\u010daj Zapadnog Balkana za mir i stabilnost na teritoriji EU, zato su pozivi na ubrzano \u0161irenje Unije na jugoisto\u010dni prag kontinenta stalno dolazili. \u201cU to vrijeme su se svi nadmetali kako bi sve nas u regionu uvjerili da je do\u0161ao trenutak da se EU pro\u0161iri na zapadni Balkan. Ovaj trenutak traje ve\u0107 vi\u0161e od dvije i po godine. Osim gomile lijepih rije\u010di i novih praznih obe\u0107anja, u tom trenutku se ni\u0161ta nije dogodilo. Sve to vide i \u010duju ljudi od kojih se u Briselu o\u010dekuje da podr\u017ee uvo\u0111enje hitnih evropskih reformi\u201c, upozorava Marko Tro\u0161anovski. \u010cinjenica da je Ukrajina u centru evropske pa\u017enje daje ljudima balkanskih zemalja koji \u017eele evropsku budu\u0107nost utisak da su ponovo gurnuti u drugi plan. Uvijek nova neispunjena obe\u0107anja samo dodatno ja\u010daju ionako apati\u010dne, cini\u010dne i defetisti\u010dke Makedonce u uvjerenju da je EU protra\u0107ila svoj kredibilitet.<\/p>\n\n\n\n<figure class=\"wp-block-image size-full\"><img loading=\"lazy\" decoding=\"async\" width=\"871\" height=\"540\" src=\"https:\/\/feb.si\/me\/wp-content\/uploads\/sites\/2\/2024\/09\/makedonija_zastava_skopje_ilustracija_EPA.jpg\" alt=\"\" class=\"wp-image-2512\" srcset=\"https:\/\/feb.si\/me\/wp-content\/uploads\/sites\/2\/2024\/09\/makedonija_zastava_skopje_ilustracija_EPA.jpg 871w, https:\/\/feb.si\/me\/wp-content\/uploads\/sites\/2\/2024\/09\/makedonija_zastava_skopje_ilustracija_EPA-300x186.jpg 300w, https:\/\/feb.si\/me\/wp-content\/uploads\/sites\/2\/2024\/09\/makedonija_zastava_skopje_ilustracija_EPA-768x476.jpg 768w\" sizes=\"(max-width: 871px) 100vw, 871px\" \/><figcaption class=\"wp-element-caption\">Zbog neispunjenih obe\u0107anja od strane EU, Makedonci postaju sve vi\u0161e apati\u010dni.<\/figcaption><\/figure>\n\n\n\n<p><strong>Bugarska je tako\u0111e \u010dlanica Evropske unije<\/strong><\/p>\n\n\n\n<p>Kao \u0161to je Gr\u010dka iskoristila \u010dinjenicu da je \u010dlanica EU, Bugarska je iskoristila svoje \u010dlanstvo u Evropskom klubu i pravo veta da izvr\u0161i pritisak na svog slabijeg susjeda te rije\u0161i otvorena bilateralna pitanja prije daljnjih koraka Sjeverne Makedonije ka punopravnom \u010dlanstvu. U zahtjevima, koji uklju\u010duju izmjenu ustava Sjeverne Makedonije kako bi se eksplicitno pominjalo postojanje bugarske nacionalne manjine, Makedonci kao emotivno osjetljiv zahtjev pominju i zahtjev Bugarske da se promijeni sadr\u017eaj makedonskih ud\u017ebenika istorije, koji po novom ne bi spominjali da je Bugarska u Drugom svjetskom ratu okupirala teritoriju dana\u0161nje Sjeverne Makedonije tokom rata kao saveznik njema\u010dkih nacista.<\/p>\n\n\n\n<p>Tro\u0161anovski je uvjeren da generalno gledano, ljudi u Makedoniji ne bi ni imali prigovora na prihvatanje nekih bugarskih zahtjeva, ali sumnja da se potrebna ve\u0107ina za promjenu ustava mo\u017ee posti\u0107i u sada\u0161njoj konstelaciji politi\u010dkih snaga. \u201eObi\u010dne ljude ne bi nimalo zasmetao ulazak bugarske nacionalne zajednice u ustav, jer su Bugari zapravo dio na\u0161eg dru\u0161tva i savr\u0161eno su integrisani u dru\u0161tvo. Problem je \u0161to bi takvom promjenom ustava Bugari dobili svoje politi\u010dke predstavnike u vlasti, a jasno je da je \u010ditava njihova politi\u010dka agenda u odnosu na na\u0161u zemlju totalno antimakedonska, oni potpuno negiraju postojanje na\u0161eg jezika, na\u0161e kulture i na\u0161e zemlje\u201c, izrazio je zabrinutost Tro\u0161anovski. Istovremeno, podsjetio je da su Albanci u potpunosti ravnopravno zastupljeni u dr\u017eavnim institucijama Sjeverne Makedonije, a popu\u0161tanje bugarskim zahtjevima moglo bi Sjevernu Makedoniju gurnuti u poziciju stalne nestabilnosti, koju je Bosna i Hercegovina iskusila od vi\u0161e od \u010detvrt veka.<\/p>\n\n\n\n<figure class=\"wp-block-image size-full\"><img loading=\"lazy\" decoding=\"async\" width=\"944\" height=\"619\" src=\"https:\/\/feb.si\/me\/wp-content\/uploads\/sites\/2\/2024\/09\/Vlada-na-RSM-v2.png\" alt=\"\" class=\"wp-image-2513\" srcset=\"https:\/\/feb.si\/me\/wp-content\/uploads\/sites\/2\/2024\/09\/Vlada-na-RSM-v2.png 944w, https:\/\/feb.si\/me\/wp-content\/uploads\/sites\/2\/2024\/09\/Vlada-na-RSM-v2-300x197.png 300w, https:\/\/feb.si\/me\/wp-content\/uploads\/sites\/2\/2024\/09\/Vlada-na-RSM-v2-768x504.png 768w\" sizes=\"(max-width: 944px) 100vw, 944px\" \/><figcaption class=\"wp-element-caption\">Upis bugarske nacionalne manjine u Ustav Sjeverne Makedonije ima\u0107e kompleksni uticaj na makedonsko dru\u0161tvo.<\/figcaption><\/figure>\n\n\n\n<p>Osim toga, dodatnu dimenziju problema s Bugarskom predstavlja i stalna politi\u010dka kriza u Bugarskoj, pa u Skoplju nikad ne znaju s kim bi trebalo da razgovaraju o rje\u0161avanju otvorenih problema. Podsjetimo, Bugari bi 20. oktobra ove godine trebalo da iza\u0111u na vanredne parlamentarne izbore, \u0161to \u0107e biti sedmi parlamentarni izbori u tri godine. Me\u0111utim, posljednji poku\u0161aj bugarske privremene premijerke Gorice Gran\u010darove da rekonstrui\u0161e vladu je predsjednik Rumen Radev odbio, pa \u0107e formiranje privremene vlade biti odlo\u017eeno, a prijevremeni izbori odgo\u0111eni za kasniji datum koji jo\u0161 nije odre\u0111en.<\/p>\n\n\n\n<p><strong>Brisel pregovara sa evropskom marginom<\/strong><\/p>\n\n\n\n<p>Dogovor Mickoskog i njegovog ma\u0111arskog kolege Viktora Orbana, koji bi trebalo da oja\u010da ekonomske veze izme\u0111u dvije zemlje i balkanskoj zemlji donese pola milijarde eura svje\u017eeg novca, di\u017ee veliku pra\u0161inu u makedonskoj opoziciji i dijelom evropskoj javnosti. Opozicioni socijaldemokrati su u ovom partnerstvu umjesto &#8222;hitno potrebnog podsticaja za ekonomski razvoj&#8220; prepoznali &#8222;opasno putovanje&#8220; koje bi moglo ugroziti saradnju zemlje sa institucijama poput Svjetske banke i Me\u0111unarodnog monetarnog fonda. Istovremeno, zbli\u017eavanje balkanske \u010dlanice NATO alijanse i kandidata za \u010dlanstvo u Evropskoj uniji problemati\u010dnoj \u010dlanici koja ne krije svoje simpatije prema Rusiji s pravom zabrinjava mnoge u Briselu.<\/p>\n\n\n\n<figure class=\"wp-block-image size-large\"><img loading=\"lazy\" decoding=\"async\" width=\"1024\" height=\"576\" src=\"https:\/\/feb.si\/me\/wp-content\/uploads\/sites\/2\/2024\/09\/Hristijan-Mickoski-8-1280x720-1-1024x576.jpg\" alt=\"\" class=\"wp-image-2517\" srcset=\"https:\/\/feb.si\/me\/wp-content\/uploads\/sites\/2\/2024\/09\/Hristijan-Mickoski-8-1280x720-1-1024x576.jpg 1024w, https:\/\/feb.si\/me\/wp-content\/uploads\/sites\/2\/2024\/09\/Hristijan-Mickoski-8-1280x720-1-300x169.jpg 300w, https:\/\/feb.si\/me\/wp-content\/uploads\/sites\/2\/2024\/09\/Hristijan-Mickoski-8-1280x720-1-768x432.jpg 768w, https:\/\/feb.si\/me\/wp-content\/uploads\/sites\/2\/2024\/09\/Hristijan-Mickoski-8-1280x720-1.jpg 1280w\" sizes=\"(max-width: 1024px) 100vw, 1024px\" \/><figcaption class=\"wp-element-caption\">Dogovor Mickoskog i njegovog ma\u0111arskog kolege Viktora Orbana Sjevernoj Makedoniji treba da donese pola milijarde eura svje\u017eeg novca<\/figcaption><\/figure>\n\n\n\n<p>Prema uvjeravanjima \u0161efa vlade u Skoplju, polovina kredita bi\u0107e iskori\u0161\u0107ena za podr\u0161ku privredi, dok \u0107e druga polovina biti podijeljena op\u0161tinama za kapitalne projekte. Kako Mickoski uvjerava, u Budimpe\u0161ti \u0107e ubudu\u0107e mo\u0107i da pozajme jo\u0161 vi\u0161e novca, ako bude potrebno. Prema pisanju makedonskih medija, premijer je u maju, odmah nakon ubjedljive pobjede na zborima, najavio misteriozni kredit od milijardu eura, koji \u0107e njegova vlada obezbijediti od &#8222;prijateljske&#8220; zemlje EU pod veoma povoljnim uslovima.<\/p>\n\n\n\n<p>Za\u0161to su promoskovske vlasti u Budimpe\u0161ti, koje su se ina\u010de protivile pove\u0107anju evropske pomo\u0107i Ukrajini na svakom koraku, toliko posve\u0107ene finansiranju male balkanske zemlje, pitanje je na koje se mo\u017ee odgovoriti bez previ\u0161e truda. Desni\u010darski VMRO-DPMNE, koji predvodi nedavno formiranu vladinu koaliciju, tradicionalni je saveznik Orbanove vlade i njegove stranke Fidesz.<\/p>\n\n\n\n<p>Temelji za \u010dvrste odnose izme\u0111u dvije vladaju\u0107e stranke postavljeni su tokom desetogodi\u0161njeg mandata biv\u0161eg autoritarnog premijera i biv\u0161eg lidera VMRO-DPMNE Nikole Gruevskog izme\u0111u 2006. i 2016. Tokom njegove vladavine region i Evropu potresli su izvje\u0161taji koji su potvr\u0111eni kasnijim istragama i koji su pokazali ekspanziju Ma\u0111arske u medijski prostor Sjeverne Makedonije, uglavnom u podr\u0161ci konzervativno orijentisanim medijima i odr\u017eavanju u \u017eivotu propagandne ma\u0161inerije u slu\u017ebi Gruevskog.<\/p>\n\n\n\n<p>Djelovanje ma\u0111arske medijske mre\u017ee u ovom dijelu Balkana i drugdje u regionu nije prestalo ni nakon svrgavanja Gruevskog 2017. i njegovog tajnog bijega 2018. u Ma\u0111arsku, gdje je dobio politi\u010dki azil. Na taj na\u010din je sprije\u010den da bude izru\u010den Skoplju pod optu\u017ebom da je nezakonito i masovno prislu\u0161kivao svoje gra\u0111ane.<\/p>\n\n\n\n<p><strong>Jesen donosi potencijal za destabilizaciju<\/strong><\/p>\n\n\n\n<p>Predstoje\u0107a jesen mogla bi unijeti nemir u zemlju sunca, uvjereni su poznavaoci zbivanja u Sjevernoj Makedoniji. Dok \u0107e se vladaju\u0107i VMRO-DPMNE, prema sopstvenim predvi\u0111anjima, fokusirati na borbu protiv korupcije i stvaranje uslova za br\u017ei privredni rast, \u0161to su postavili kao dva klju\u010dna prioriteta u ovom mandatu, Tro\u0161anovski o\u010dekuje da \u0107e jesen biti puna protesta na razli\u010ditim nivoima iu razli\u010ditim dijelovima zemlje. Me\u0111utim, umjesto problema s Bugarima, ovaj put se o\u010dekuju protesti koje predvodi tre\u0107a najve\u0107a stranka u zemlji, Demokratska unija za integraciju (DUI), albanska stranka koja je formirana neposredno nakon oru\u017eanog sukoba izme\u0111u Albanaca i Makedonaca 2001. Predvo\u0111en Ali Ahmetijem, biv\u0161im politi\u010dkim vo\u0111om albanske nacionalne oslobodila\u010dke armije \u201cDUI ima potencijal da stvori nemire i destabilizuje zemlju. Sljede\u0107e godine nas o\u010dekuju lokalni izbori, a interes ove stranke je da svoju kampanju gradi na etni\u010dkim temama. Naravno, to \u0107e biti problem u politi\u010dkom smislu, ali ne vjerujem da osim manjih incidenata mo\u017ee dovesti do ozbiljnih problema\u201c, ka\u017ee direktor skopskog Instituta za demokratiju Societas Civilis.<\/p>\n\n\n\n<p>.<\/p>\n","protected":false},"excerpt":{"rendered":"<p>Uloga vrijednog studenta nije im se isplatila, umjesto da ubrzaju put ka EU, Makedonci su stalno dobivali nove balvane pod nogama od svojih susjeda, zato su odabrali druga\u010diji pristup. \u0160est godina nakon potpisivanja Prespanskog sporazuma sa Gr\u010dkom, kada je socijalisti\u010dka vlada Zorana Zaeva pristala na bolno preimenovanje Makedonije u Sjevernu Makedoniju kako bi uklonila gr\u010dki&#8230;<\/p>\n","protected":false},"author":2,"featured_media":0,"comment_status":"closed","ping_status":"open","sticky":false,"template":"","format":"standard","meta":{"footnotes":""},"categories":[3],"tags":[],"class_list":["post-2509","post","type-post","status-publish","format-standard","hentry","category-aktuelno"],"_links":{"self":[{"href":"https:\/\/feb.si\/me\/wp-json\/wp\/v2\/posts\/2509"}],"collection":[{"href":"https:\/\/feb.si\/me\/wp-json\/wp\/v2\/posts"}],"about":[{"href":"https:\/\/feb.si\/me\/wp-json\/wp\/v2\/types\/post"}],"author":[{"embeddable":true,"href":"https:\/\/feb.si\/me\/wp-json\/wp\/v2\/users\/2"}],"replies":[{"embeddable":true,"href":"https:\/\/feb.si\/me\/wp-json\/wp\/v2\/comments?post=2509"}],"version-history":[{"count":3,"href":"https:\/\/feb.si\/me\/wp-json\/wp\/v2\/posts\/2509\/revisions"}],"predecessor-version":[{"id":2518,"href":"https:\/\/feb.si\/me\/wp-json\/wp\/v2\/posts\/2509\/revisions\/2518"}],"wp:attachment":[{"href":"https:\/\/feb.si\/me\/wp-json\/wp\/v2\/media?parent=2509"}],"wp:term":[{"taxonomy":"category","embeddable":true,"href":"https:\/\/feb.si\/me\/wp-json\/wp\/v2\/categories?post=2509"},{"taxonomy":"post_tag","embeddable":true,"href":"https:\/\/feb.si\/me\/wp-json\/wp\/v2\/tags?post=2509"}],"curies":[{"name":"wp","href":"https:\/\/api.w.org\/{rel}","templated":true}]}}