{"id":2576,"date":"2024-10-08T10:02:36","date_gmt":"2024-10-08T10:02:36","guid":{"rendered":"https:\/\/feb.si\/me\/?p=2576"},"modified":"2024-10-09T09:30:55","modified_gmt":"2024-10-09T09:30:55","slug":"u-tivtu-danas-samit-inicijative-brdo-brioni-kako-do-bolje-saradnje-na-zapadnom-balkanu","status":"publish","type":"post","link":"https:\/\/feb.si\/me\/blog\/2024\/10\/08\/u-tivtu-danas-samit-inicijative-brdo-brioni-kako-do-bolje-saradnje-na-zapadnom-balkanu\/","title":{"rendered":"Na samitu inicijative Brdo-Brioni: kako do bolje saradnje na Zapadnom Balkanu?"},"content":{"rendered":"\n\n\n<p>Doma\u0107ini sastanka sa predsjednikom Crne Gore Jakovom Milatovi\u0107em su predsjednica Slovenije Nata\u0161a Pirc Musar i hrvatski predsjednik Zoran Milanovi\u0107. <\/p>\n\n\n\n<p>Na samitu \u0107e lideri zemalja Zapadnog Balkana razgovarati o pitanjima unapre\u0111enja saradnje izme\u0111u zemalja Zapadnog Balkana i zemalja \u010dlanica EU. Sastanak \u0107e biti i prilika za potvrdu dobrosusjedskih odnosa i ja\u010danje regionalne saradnje, kao i za iskazivanje potrebe za ja\u010danjem strate\u0161kog dijaloga sa EU.<\/p>\n\n\n\n<p>Inicijativa Brdo-Brioni ima za cilj promovisanje me\u0111usobne saradnje i olak\u0161avanje napora zemalja regiona na putu ka EU. Predsjednica Slovenije Pirc Musar isti\u010de da EU mora vjerodostojno odgovoriti na postignuti napredak kako bi osigurala kredibilitet procesa pro\u0161irenja, te istovremeno isti\u010de da je pribli\u017eavanje EU proces koji se temelji na ispunjavanju kriterijuma.<br><em>Brdo-Brioni proces <\/em>je zajedni\u010dka slovena\u010dko-hrvatska inicijativa koja traje od 2010. godine. Pored Slovenije, Hrvatske i Crne Gore, \u010dlanice inicijative su Srbija, Albanija, Sjeverna Makedonija kao i Bosna i Hercegovina. Sastanci u okviru inicijative odr\u017eavaju se svake godine od 2013. godine. Otprilike polovinu njih ugostila je Slovenija, a pro\u0161le godine je jedan bio u Skoplju.<\/p>\n\n\n\n<p>Izvor: STA, SIOL<\/p>\n","protected":false},"excerpt":{"rendered":"<p>Doma\u0107ini sastanka sa predsjednikom Crne Gore Jakovom Milatovi\u0107em su predsjednica Slovenije Nata\u0161a Pirc Musar i hrvatski predsjednik Zoran Milanovi\u0107. Na samitu \u0107e lideri zemalja Zapadnog Balkana razgovarati o pitanjima unapre\u0111enja saradnje izme\u0111u zemalja Zapadnog Balkana i zemalja \u010dlanica EU. Sastanak \u0107e biti i prilika za potvrdu dobrosusjedskih odnosa i ja\u010danje regionalne saradnje, kao i za&#8230;<\/p>\n","protected":false},"author":2,"featured_media":0,"comment_status":"closed","ping_status":"open","sticky":false,"template":"","format":"standard","meta":{"footnotes":""},"categories":[3],"tags":[],"class_list":["post-2576","post","type-post","status-publish","format-standard","hentry","category-aktuelno"],"_links":{"self":[{"href":"https:\/\/feb.si\/me\/wp-json\/wp\/v2\/posts\/2576"}],"collection":[{"href":"https:\/\/feb.si\/me\/wp-json\/wp\/v2\/posts"}],"about":[{"href":"https:\/\/feb.si\/me\/wp-json\/wp\/v2\/types\/post"}],"author":[{"embeddable":true,"href":"https:\/\/feb.si\/me\/wp-json\/wp\/v2\/users\/2"}],"replies":[{"embeddable":true,"href":"https:\/\/feb.si\/me\/wp-json\/wp\/v2\/comments?post=2576"}],"version-history":[{"count":5,"href":"https:\/\/feb.si\/me\/wp-json\/wp\/v2\/posts\/2576\/revisions"}],"predecessor-version":[{"id":2582,"href":"https:\/\/feb.si\/me\/wp-json\/wp\/v2\/posts\/2576\/revisions\/2582"}],"wp:attachment":[{"href":"https:\/\/feb.si\/me\/wp-json\/wp\/v2\/media?parent=2576"}],"wp:term":[{"taxonomy":"category","embeddable":true,"href":"https:\/\/feb.si\/me\/wp-json\/wp\/v2\/categories?post=2576"},{"taxonomy":"post_tag","embeddable":true,"href":"https:\/\/feb.si\/me\/wp-json\/wp\/v2\/tags?post=2576"}],"curies":[{"name":"wp","href":"https:\/\/api.w.org\/{rel}","templated":true}]}}