{"id":2592,"date":"2024-10-16T11:22:08","date_gmt":"2024-10-16T11:22:08","guid":{"rendered":"https:\/\/feb.si\/me\/?p=2592"},"modified":"2024-10-16T11:22:09","modified_gmt":"2024-10-16T11:22:09","slug":"albanija-je-zapocela-sustinski-dio-pristupnih-pregovora-sa-eu","status":"publish","type":"post","link":"https:\/\/feb.si\/me\/blog\/2024\/10\/16\/albanija-je-zapocela-sustinski-dio-pristupnih-pregovora-sa-eu\/","title":{"rendered":"Albanija je zapo\u010dela su\u0161tinski dio pristupnih pregovora sa EU"},"content":{"rendered":"\n\n\n<p>Tirana i Brisel otvorili su prvi set poglavlja u pregovorima o ulasku Albanije u EU, \u0161to je po\u010detak su\u0161tinskih pregovora. Ma\u0111arski ministar vanjskih poslova Peter Szijjarto i albanski premijer Edi Rama nazvali su to istorijskim trenutkom.<\/p>\n\n\n\n<p>Nakon nekoliko godina \u010dekanja, Albanija je slu\u017ebeno zapo\u010dela pristupne pregovore u julu 2022. zajedno sa Sjevernom Makedonijom. Sjeverna Makedonija \u0107e morati da sa\u010deka po\u010detak su\u0161tinskih pregovora, jer bugarska manjina jo\u0161 nije uvr\u0161tena u ustav, \u0161to je jedan od uslova Sofije za podr\u0161ku otvaranju prve runde pregovora sa Skopljem. Tako su zemlje \u010dlanice razdvojile i pristupne procese Tirane i Skoplja, koji su do sada zajedno napredovali na putu ka EU.<\/p>\n","protected":false},"excerpt":{"rendered":"<p>Tirana i Brisel otvorili su prvi set poglavlja u pregovorima o ulasku Albanije u EU, \u0161to je po\u010detak su\u0161tinskih pregovora. Ma\u0111arski ministar vanjskih poslova Peter Szijjarto i albanski premijer Edi Rama nazvali su to istorijskim trenutkom. Nakon nekoliko godina \u010dekanja, Albanija je slu\u017ebeno zapo\u010dela pristupne pregovore u julu 2022. zajedno sa Sjevernom Makedonijom. Sjeverna Makedonija&#8230;<\/p>\n","protected":false},"author":2,"featured_media":0,"comment_status":"closed","ping_status":"open","sticky":false,"template":"","format":"standard","meta":{"footnotes":""},"categories":[3],"tags":[],"class_list":["post-2592","post","type-post","status-publish","format-standard","hentry","category-aktuelno"],"_links":{"self":[{"href":"https:\/\/feb.si\/me\/wp-json\/wp\/v2\/posts\/2592"}],"collection":[{"href":"https:\/\/feb.si\/me\/wp-json\/wp\/v2\/posts"}],"about":[{"href":"https:\/\/feb.si\/me\/wp-json\/wp\/v2\/types\/post"}],"author":[{"embeddable":true,"href":"https:\/\/feb.si\/me\/wp-json\/wp\/v2\/users\/2"}],"replies":[{"embeddable":true,"href":"https:\/\/feb.si\/me\/wp-json\/wp\/v2\/comments?post=2592"}],"version-history":[{"count":1,"href":"https:\/\/feb.si\/me\/wp-json\/wp\/v2\/posts\/2592\/revisions"}],"predecessor-version":[{"id":2593,"href":"https:\/\/feb.si\/me\/wp-json\/wp\/v2\/posts\/2592\/revisions\/2593"}],"wp:attachment":[{"href":"https:\/\/feb.si\/me\/wp-json\/wp\/v2\/media?parent=2592"}],"wp:term":[{"taxonomy":"category","embeddable":true,"href":"https:\/\/feb.si\/me\/wp-json\/wp\/v2\/categories?post=2592"},{"taxonomy":"post_tag","embeddable":true,"href":"https:\/\/feb.si\/me\/wp-json\/wp\/v2\/tags?post=2592"}],"curies":[{"name":"wp","href":"https:\/\/api.w.org\/{rel}","templated":true}]}}