{"id":2632,"date":"2024-11-05T12:09:38","date_gmt":"2024-11-05T12:09:38","guid":{"rendered":"https:\/\/feb.si\/me\/?p=2632"},"modified":"2024-11-14T09:33:04","modified_gmt":"2024-11-14T09:33:04","slug":"ugledni-diplomata-iz-bih-igor-davidovic-posjetio-feb-2","status":"publish","type":"post","link":"https:\/\/feb.si\/me\/blog\/2024\/11\/05\/ugledni-diplomata-iz-bih-igor-davidovic-posjetio-feb-2\/","title":{"rendered":"Ugledni diplomata iz BiH Igor Davidovi\u0107 posjetio FEB"},"content":{"rendered":"\n<p>&#8216;Gra\u0111ani Bosne i Hercegovine i drugih balkanskih zemalja ve\u0107 su toliko puta \u010duli obe\u0107anja o pro\u0161irenju EU da s pravom sumnjaju u svako novo obe\u0107anje&#8217; \u2013 istakao je gost iz Banjaluke posjetivi\u0161i Forum za evropski , pozdravljaju\u0107i aktivnosti FEB-a. Kao biv\u0161i ambasador Bosne i Hercegovine u SAD-u, glavni pregovara\u010d sa EU za Sporazum o stabilizaciji i pridru\u017eivanju i biv\u0161i \u0161ef misije BiH pri EU u Briselu, Igor Davidovi\u0107 poznaje zamke i izazove procesa pro\u0161irenja na Zapadu Balkan do posljednjeg detalja zato nema iluzija o obe\u0107anjima posljednjeg talasa ekspanzije. Predsednica evropske komisije\u00a0Ursula von der Leyen\u00a0je dejala, da bo \u0161iritev Evropske unije na Zahodni Balkan prednostna naloga njenega mandata, a tega ni izrekla prvi\u010d in sploh ni prva, ki tako govori, spominja Igor Davidovi\u0107, nekdanji vodja kabineta predsednika Republike Srbske\u00a0Milorada Dodika, koji zato pozdravlja rad Foruma za evorpski Balkan koji ukazuje na odgovornost i rad evropske administracije kada je u pitanju pro\u0161irenje EU.<\/p>\n","protected":false},"excerpt":{"rendered":"<p>&#8216;Gra\u0111ani Bosne i Hercegovine i drugih balkanskih zemalja ve\u0107 su toliko puta \u010duli obe\u0107anja o pro\u0161irenju EU da s pravom sumnjaju u svako novo obe\u0107anje&#8217; \u2013 istakao je gost iz Banjaluke posjetivi\u0161i Forum za evropski , pozdravljaju\u0107i aktivnosti FEB-a. Kao biv\u0161i ambasador Bosne i Hercegovine u SAD-u, glavni pregovara\u010d sa EU za Sporazum o stabilizaciji&#8230;<\/p>\n","protected":false},"author":2,"featured_media":2637,"comment_status":"closed","ping_status":"open","sticky":false,"template":"","format":"standard","meta":{"footnotes":""},"categories":[9],"tags":[],"class_list":["post-2632","post","type-post","status-publish","format-standard","has-post-thumbnail","hentry","category-dogadaji"],"_links":{"self":[{"href":"https:\/\/feb.si\/me\/wp-json\/wp\/v2\/posts\/2632"}],"collection":[{"href":"https:\/\/feb.si\/me\/wp-json\/wp\/v2\/posts"}],"about":[{"href":"https:\/\/feb.si\/me\/wp-json\/wp\/v2\/types\/post"}],"author":[{"embeddable":true,"href":"https:\/\/feb.si\/me\/wp-json\/wp\/v2\/users\/2"}],"replies":[{"embeddable":true,"href":"https:\/\/feb.si\/me\/wp-json\/wp\/v2\/comments?post=2632"}],"version-history":[{"count":1,"href":"https:\/\/feb.si\/me\/wp-json\/wp\/v2\/posts\/2632\/revisions"}],"predecessor-version":[{"id":2636,"href":"https:\/\/feb.si\/me\/wp-json\/wp\/v2\/posts\/2632\/revisions\/2636"}],"wp:featuredmedia":[{"embeddable":true,"href":"https:\/\/feb.si\/me\/wp-json\/wp\/v2\/media\/2637"}],"wp:attachment":[{"href":"https:\/\/feb.si\/me\/wp-json\/wp\/v2\/media?parent=2632"}],"wp:term":[{"taxonomy":"category","embeddable":true,"href":"https:\/\/feb.si\/me\/wp-json\/wp\/v2\/categories?post=2632"},{"taxonomy":"post_tag","embeddable":true,"href":"https:\/\/feb.si\/me\/wp-json\/wp\/v2\/tags?post=2632"}],"curies":[{"name":"wp","href":"https:\/\/api.w.org\/{rel}","templated":true}]}}