{"id":2646,"date":"2024-11-12T13:42:40","date_gmt":"2024-11-12T13:42:40","guid":{"rendered":"https:\/\/feb.si\/me\/?p=2646"},"modified":"2024-11-13T14:13:18","modified_gmt":"2024-11-13T14:13:18","slug":"novoizabrani-ambasador-crne-gore-posjetio-feb","status":"publish","type":"post","link":"https:\/\/feb.si\/me\/blog\/2024\/11\/12\/novoizabrani-ambasador-crne-gore-posjetio-feb\/","title":{"rendered":"Novoizabrani ambasador Crne Gore posjetio FEB"},"content":{"rendered":"\n\n\n<p>Novoizabrani ambasador Crne Gore Dragan Tufegd\u017ei\u0107 pozdravio je pozitivni doprinos FEB- te izrazio spremnost, da podr\u017ei slede\u0107e korake Foruma. Kako je naveo, raduje ga da FEB nudi nov, svje\u017e pogled na EU, koja poslednjih godina do pristupnih dr\u017eava zauzima stav <em>ex\u00a0c\u00e1thedra<\/em>. <br>Tufegd\u017ei\u0107, koji \u017eeli otvoren dijalog sa Evropskom Unijom je ponovio da o\u010dekuje da Crna Gora u tri godine ispuni o\u010dekivanja EU i zavr\u0161i tehni\u010dki dio pregovora.<\/p>\n\n\n\n<p><\/p>\n","protected":false},"excerpt":{"rendered":"<p>Novoizabrani ambasador Crne Gore Dragan Tufegd\u017ei\u0107 pozdravio je pozitivni doprinos FEB- te izrazio spremnost, da podr\u017ei slede\u0107e korake Foruma. Kako je naveo, raduje ga da FEB nudi nov, svje\u017e pogled na EU, koja poslednjih godina do pristupnih dr\u017eava zauzima stav ex\u00a0c\u00e1thedra. Tufegd\u017ei\u0107, koji \u017eeli otvoren dijalog sa Evropskom Unijom je ponovio da o\u010dekuje da Crna&#8230;<\/p>\n","protected":false},"author":2,"featured_media":2651,"comment_status":"closed","ping_status":"open","sticky":false,"template":"","format":"standard","meta":{"footnotes":""},"categories":[3],"tags":[],"class_list":["post-2646","post","type-post","status-publish","format-standard","has-post-thumbnail","hentry","category-aktuelno"],"_links":{"self":[{"href":"https:\/\/feb.si\/me\/wp-json\/wp\/v2\/posts\/2646"}],"collection":[{"href":"https:\/\/feb.si\/me\/wp-json\/wp\/v2\/posts"}],"about":[{"href":"https:\/\/feb.si\/me\/wp-json\/wp\/v2\/types\/post"}],"author":[{"embeddable":true,"href":"https:\/\/feb.si\/me\/wp-json\/wp\/v2\/users\/2"}],"replies":[{"embeddable":true,"href":"https:\/\/feb.si\/me\/wp-json\/wp\/v2\/comments?post=2646"}],"version-history":[{"count":3,"href":"https:\/\/feb.si\/me\/wp-json\/wp\/v2\/posts\/2646\/revisions"}],"predecessor-version":[{"id":2649,"href":"https:\/\/feb.si\/me\/wp-json\/wp\/v2\/posts\/2646\/revisions\/2649"}],"wp:featuredmedia":[{"embeddable":true,"href":"https:\/\/feb.si\/me\/wp-json\/wp\/v2\/media\/2651"}],"wp:attachment":[{"href":"https:\/\/feb.si\/me\/wp-json\/wp\/v2\/media?parent=2646"}],"wp:term":[{"taxonomy":"category","embeddable":true,"href":"https:\/\/feb.si\/me\/wp-json\/wp\/v2\/categories?post=2646"},{"taxonomy":"post_tag","embeddable":true,"href":"https:\/\/feb.si\/me\/wp-json\/wp\/v2\/tags?post=2646"}],"curies":[{"name":"wp","href":"https:\/\/api.w.org\/{rel}","templated":true}]}}