{"id":2799,"date":"2024-12-19T09:18:13","date_gmt":"2024-12-19T09:18:13","guid":{"rendered":"https:\/\/feb.si\/me\/?p=2799"},"modified":"2024-12-19T09:18:13","modified_gmt":"2024-12-19T09:18:13","slug":"samit-eu-i-zapadnog-balkana-prosirenje-je-veoma-vazna-geopoliticka-investicija","status":"publish","type":"post","link":"https:\/\/feb.si\/me\/blog\/2024\/12\/19\/samit-eu-i-zapadnog-balkana-prosirenje-je-veoma-vazna-geopoliticka-investicija\/","title":{"rendered":"Samit EU i Zapadnog Balkana: &#8222;Pro\u0161irenje je veoma va\u017ena geopoliti\u010dka investicija&#8220;"},"content":{"rendered":"\n\n\n<p>Uvo\u0111enje bilateralnih pitanja izme\u0111u dr\u017eava \u010dlanica i kandidata za \u010dlanstvo u proces pro\u0161irenja je nepravedno, izjavio je predsjednik Evropskog savjeta Antonio Costa tokom samita EU-Zapadni Balkan u Briselu. Najavio je da \u0107e se i li\u010dno uklju\u010diti u rje\u0161avanje sporova koji ometaju pristup kandidatkinjama Uniji.<\/p>\n\n\n\n<p>&#8222;<em>Proces pro\u0161irenja se zasniva na dostignu\u0107ima (zemalja kandidata) i samo je na osnovu toga mogu\u0107e procijeniti da li je napredak postignut ili ne<\/em>&#8222;, rekao je predsjednik Evropskog vije\u0107a Antonio Costa povodom blokiranja pristupa neke zemlje kandidati od strane postoje\u0107ih \u010dlanica zbog nerije\u0161enih bilateralnih pitanja.<\/p>\n\n\n\n<p>U danima koji su prethodili samitu EU-Zapadni Balkan, Albanija i Crna Gora napravile su sljede\u0107i korak na putu ka EU. Albanija je otvorila novi set pregovara\u010dkih poglavlja, dok je Crna Gora zatvorila tri nova pregovara\u010dka poglavlja. Tehni\u010dki je bila spremna zatvoriti jo\u0161 jedan, ali ga je Hrvatska blokirala zbog nerije\u0161enih bilateralnih pitanja.<\/p>\n\n\n\n<p>Izvor: N1<\/p>\n","protected":false},"excerpt":{"rendered":"<p>Uvo\u0111enje bilateralnih pitanja izme\u0111u dr\u017eava \u010dlanica i kandidata za \u010dlanstvo u proces pro\u0161irenja je nepravedno, izjavio je predsjednik Evropskog savjeta Antonio Costa tokom samita EU-Zapadni Balkan u Briselu. Najavio je da \u0107e se i li\u010dno uklju\u010diti u rje\u0161avanje sporova koji ometaju pristup kandidatkinjama Uniji. &#8222;Proces pro\u0161irenja se zasniva na dostignu\u0107ima (zemalja kandidata) i samo je&#8230;<\/p>\n","protected":false},"author":2,"featured_media":0,"comment_status":"closed","ping_status":"open","sticky":false,"template":"","format":"standard","meta":{"footnotes":""},"categories":[3],"tags":[],"class_list":["post-2799","post","type-post","status-publish","format-standard","hentry","category-aktuelno"],"_links":{"self":[{"href":"https:\/\/feb.si\/me\/wp-json\/wp\/v2\/posts\/2799"}],"collection":[{"href":"https:\/\/feb.si\/me\/wp-json\/wp\/v2\/posts"}],"about":[{"href":"https:\/\/feb.si\/me\/wp-json\/wp\/v2\/types\/post"}],"author":[{"embeddable":true,"href":"https:\/\/feb.si\/me\/wp-json\/wp\/v2\/users\/2"}],"replies":[{"embeddable":true,"href":"https:\/\/feb.si\/me\/wp-json\/wp\/v2\/comments?post=2799"}],"version-history":[{"count":1,"href":"https:\/\/feb.si\/me\/wp-json\/wp\/v2\/posts\/2799\/revisions"}],"predecessor-version":[{"id":2800,"href":"https:\/\/feb.si\/me\/wp-json\/wp\/v2\/posts\/2799\/revisions\/2800"}],"wp:attachment":[{"href":"https:\/\/feb.si\/me\/wp-json\/wp\/v2\/media?parent=2799"}],"wp:term":[{"taxonomy":"category","embeddable":true,"href":"https:\/\/feb.si\/me\/wp-json\/wp\/v2\/categories?post=2799"},{"taxonomy":"post_tag","embeddable":true,"href":"https:\/\/feb.si\/me\/wp-json\/wp\/v2\/tags?post=2799"}],"curies":[{"name":"wp","href":"https:\/\/api.w.org\/{rel}","templated":true}]}}