{"id":2868,"date":"2025-02-11T10:39:41","date_gmt":"2025-02-11T10:39:41","guid":{"rendered":"https:\/\/feb.si\/me\/?p=2868"},"modified":"2025-02-11T10:39:41","modified_gmt":"2025-02-11T10:39:41","slug":"ministri-vanjskih-poslova-o-prosirenju-eu-zemlje-zapadnog-balkana-u-uniju-do-2030","status":"publish","type":"post","link":"https:\/\/feb.si\/me\/blog\/2025\/02\/11\/ministri-vanjskih-poslova-o-prosirenju-eu-zemlje-zapadnog-balkana-u-uniju-do-2030\/","title":{"rendered":"Ministri vanjskih poslova o pro\u0161irenju EU, zemlje zapadnog Balkana u Uniju do 2030"},"content":{"rendered":"\n\n\n<p>U Rimu su se okupili ministri vanjskih poslova i predstavnici sedam evropskih zemalja iz grupe prijatelja Zapadnog Balkana. Prema rije\u010dima doma\u0107ina sastanka, italijanskog ministra spoljnih poslova Antonija Tajanija, grupa se zala\u017ee za to da se sve zemlje u\u010dlane do 2030. Tajani je rekao i da bi Srbija i Albanija mogle da se pridru\u017ee ve\u0107 2029. godine.<\/p>\n\n\n\n<p>Na ju\u010dera\u0161njem sastanku Prijatelja Zapadnog Balkana, \u010diji je doma\u0107in bila Italija, ministri vanjskih poslova i predstavnici sedam evropskih zemalja zalo\u017eili su se za postepenu i ubrzanu integraciju zemalja Zapadnog Balkana uz konkretne korake u implementaciji.<\/p>\n\n\n\n<p>&#8222;Zala\u017eemo se za to da se sve zemlje u\u010dlane do 2030. godine. Mo\u017eda je Bosni i Hercegovini potrebno vi\u0161e vremena, ali Srbija, Crna Gora, Albanija i Sjeverna Makedonija su postigle napredak&#8220;, rekao je italijanski ministar vanjskih poslova Antonio Tajani, prenosi italijanska novinska agencija Ansa, koji vjeruje da bi se Srbija i Albanija mogle pridru\u017eiti ve\u0107 2029. godine.<\/p>\n","protected":false},"excerpt":{"rendered":"<p>U Rimu su se okupili ministri vanjskih poslova i predstavnici sedam evropskih zemalja iz grupe prijatelja Zapadnog Balkana. Prema rije\u010dima doma\u0107ina sastanka, italijanskog ministra spoljnih poslova Antonija Tajanija, grupa se zala\u017ee za to da se sve zemlje u\u010dlane do 2030. Tajani je rekao i da bi Srbija i Albanija mogle da se pridru\u017ee ve\u0107 2029&#8230;.<\/p>\n","protected":false},"author":2,"featured_media":0,"comment_status":"closed","ping_status":"open","sticky":false,"template":"","format":"standard","meta":{"footnotes":""},"categories":[3],"tags":[],"class_list":["post-2868","post","type-post","status-publish","format-standard","hentry","category-aktuelno"],"_links":{"self":[{"href":"https:\/\/feb.si\/me\/wp-json\/wp\/v2\/posts\/2868"}],"collection":[{"href":"https:\/\/feb.si\/me\/wp-json\/wp\/v2\/posts"}],"about":[{"href":"https:\/\/feb.si\/me\/wp-json\/wp\/v2\/types\/post"}],"author":[{"embeddable":true,"href":"https:\/\/feb.si\/me\/wp-json\/wp\/v2\/users\/2"}],"replies":[{"embeddable":true,"href":"https:\/\/feb.si\/me\/wp-json\/wp\/v2\/comments?post=2868"}],"version-history":[{"count":1,"href":"https:\/\/feb.si\/me\/wp-json\/wp\/v2\/posts\/2868\/revisions"}],"predecessor-version":[{"id":2869,"href":"https:\/\/feb.si\/me\/wp-json\/wp\/v2\/posts\/2868\/revisions\/2869"}],"wp:attachment":[{"href":"https:\/\/feb.si\/me\/wp-json\/wp\/v2\/media?parent=2868"}],"wp:term":[{"taxonomy":"category","embeddable":true,"href":"https:\/\/feb.si\/me\/wp-json\/wp\/v2\/categories?post=2868"},{"taxonomy":"post_tag","embeddable":true,"href":"https:\/\/feb.si\/me\/wp-json\/wp\/v2\/tags?post=2868"}],"curies":[{"name":"wp","href":"https:\/\/api.w.org\/{rel}","templated":true}]}}