{"id":2952,"date":"2025-03-11T12:36:46","date_gmt":"2025-03-11T12:36:46","guid":{"rendered":"https:\/\/feb.si\/me\/?p=2952"},"modified":"2025-03-10T13:07:37","modified_gmt":"2025-03-10T13:07:37","slug":"nakon-osude-dodik-uvjerava-trumpa-u-njegovu-stvar","status":"publish","type":"post","link":"https:\/\/feb.si\/me\/blog\/2025\/03\/11\/nakon-osude-dodik-uvjerava-trumpa-u-njegovu-stvar\/","title":{"rendered":"Nakon osude, Dodik ubje\u0111uje Trumpa u svoju stvar"},"content":{"rendered":"\n<p class=\"has-text-align-center\"><em>O situaciji u Republici Srpskoj govori\u0107e srpski poslanici, a ministar odbrane BiH otvoreno govori o strahovima od raspada zemlje.<\/em><\/p>\n\n\n\n<p>Nakon izricanja presude predsjedniku entiteta Republika Srpska Miloradu Dodiku na godinu dana zatvora i \u0161estogodi\u0161nju zabranu politi\u010dkog djelovanja, te posljedi\u010dno pogor\u0161anje situacije u Bosni i Hercegovini, vi\u0161e je otvorenih pitanja nego odgovora. Kako \u0107e se ameri\u010dki predsjednik Donald Trump postaviti u odnosu na Bosnu i Hercegovinu? Ho\u0107emo li svjedo\u010diti opasnoj promjeni granica zemlje za region? Ho\u0107e li Srbi ostati u zajedni\u010dkim institucijama ili \u0107e se povu\u0107i po Dodikovom nalogu? \u0160ta pogor\u0161anje krize zna\u010di za privredu? \u0160ta \u0107e se dogoditi s evropskom budu\u0107no\u0161\u0107u Bosne i Hercegovine i kako Rusija i njeni saveznici ve\u0107 ulaze u novi vakuum?<br>\u201c<em>Entitet Republika Srpska pomno \u0107e pratiti obra\u0107anje ameri\u010dkog predsjednika Donalda Trampa Kongresu, jer ono predstavlja prekretnicu u ameri\u010dkoj i globalnoj politici<\/em>. <em>Njegova politika jake dr\u017eave, za\u0161tite nacionalnih interesa, po\u0161tovanja i suvereniteta u cijelom svijetu pokazuje da dolazi vrijeme istine i pravednijeg me\u0111unarodnog poretka<\/em>&#8222;, napisao je predsjednik Republike Srpske Milorad Dodik u svojoj objavi na dru\u0161tvenoj mre\u017ei X.<br>Nastavio je pisanjem da je &#8222;T<em>rump lider koji je dokazao da se ne klanja pred nametnutim modelima globalisti\u010dkih elita i bori se za Ameriku, kao i za svijet u kojem nacije same odlu\u010duju o svojoj sudbini&#8220;<\/em>. Njegova poruka o odgovornom upravljanju i ja\u010danju nacionalnih dr\u017eava odjekuje onima koji su godinama patili od politi\u010dkog in\u017eenjeringa mo\u0107nih globalnih centara.<br>Dodik, kojeg je Sud BiH osudio na godinu dana zatvora i \u0161estogodi\u0161nju zabranu politi\u010dkog djelovanja zbog nepo\u0161tovanja odluka visokog predstavnika, ve\u0107 je u ozbiljnim finansijskim pote\u0161ko\u0107ama zbog ameri\u010dkih sankcija, pa njegov poku\u0161aj da se intenzivno pribli\u017ei novom ameri\u010dkom predsjedniku nimalo ne \u010dudi.<br>\u201c<em>Sna\u017ena Amerika, predvo\u0111ena liderom koji dr\u017ei svoju rije\u010d i nacionalno dostojanstvo, donosi nadu svima koji vjeruju u slobodu i po\u0161tovanje me\u0111unarodnog prava. Republika Srpska ostaje privr\u017eena svojim principima i vrijednostima, koje se zasnivaju na slobodi, pravu naroda da odlu\u010duju i o\u010duvanju identiteta&#8220;<\/em>, zaklju\u010dio je Dodik, koji je Trampovu pobjedu na ameri\u010dkim izborima proslavio nose\u0107i crvenu kapu sa natpisom &#8222;U\u010dinimo Ameriku ponovo velikom&#8220;.<\/p>\n\n\n\n<p><strong>Varnice izme\u0111u Sarajeva i Banja Luke<\/strong><\/p>\n\n\n\n<p>Dok Dodik o\u010dajni\u010dki poku\u0161ava da na svoju stranu pridobije vladara najve\u0107e supersile, kod ku\u0107e je dodatno produbio jaz izme\u0111u sebe i doma\u0107ih politi\u010dkih lidera. Ministar odbrane BiH Zukan Helez odbio je u ponedjeljak da da dozvolu vojnom avionu iz Ma\u0111arske da preleti i sleti na teritoriju BiH. \u201c<em>Zatra\u017eena nam je saglasnost da sletimo vojni avion na sarajevski aerodrom, a potom i na banjalu\u010dki aerodrom. Za\u0161to je ta\u010dno vojni avion morao sletjeti na banjalu\u010dki aerodrom, ostaje nejasno, ali u kontekstu dolaska 70 pripadnika specijalne antiteroristi\u010dke jedinice MUP-a Ma\u0111arske kao podr\u0161ka MUP-u Republike Srpske u ovom trenutku, svakako je simptomati\u010dno<\/em>\u201d, napisao je ministar Helez na dru\u0161tvenoj mre\u017ei Facebook.<br>Kao \u0161to je poznato, pristalica ruskog predsjednika Vladimira Putina, ma\u0111arski premijer Viktor Orban, podr\u017eava Dodika, \u0161to se, posebno u drugom entitetu, Federaciji Bosne i Hercegovine, vidi kao &#8222;podrivanje ustavnog poretka&#8220; Bosne i Hercegovine. &#8222;<em>Duboko sam uvjeren da je svrha dolaska vojnog aviona iz Ma\u0111arske bila neka vrsta podr\u0161ke Miloradu Dodiku i kliki okupljenoj oko njega u uni\u0161tavanju Bosne i Hercegovine<\/em>&#8222;, napisao je Helez. Helez je provocirao Dodika, koji voli da ka\u017ee da BiH nije dr\u017eava, ve\u0107 Republika Slovenija jeste, pitanjem za\u0161to nije dozvolio da vojni avion sleti u Banjaluku.<\/p>\n\n\n\n<p><strong>Budimpe\u0161ta vi\u0161e ne \u017eeli da bude samo posmatra\u010d u regionu<\/strong><\/p>\n\n\n\n<p>Zamjenik ma\u0111arskog ministra vanjskih poslova i trgovine Levente Magyar boravio je u Banjaluci u znak podr\u0161ke Dodiku, protiv kojeg smatra da se &#8222;vodi politi\u010dki progon&#8220;, te u znak podr\u0161ke svim gra\u0111anima Republike Srpske, prenio je sajt Klix. Prema njegovoj ocjeni, Zapad BiH tretira kao svoju provinciju, gdje mo\u017ee raditi \u0161ta ho\u0107e, bez odgovaraju\u0107eg poznavanja historijske pozadine. On je rekao da &#8222;<em>nije u redu ono \u0161to Zapad radi Srbima u BiH, jer ne mo\u017ee ovu dr\u017eavu, kao ni Republiku Srpsku i Dodika, tretirati kao neprijatelje&#8220;.<\/em><br>Ponudio je pomo\u0107 Budimpe\u0161te u dijalogu me\u0111u narodima Bosne i Hercegovine i pronala\u017eenju rje\u0161enja, jer su bliski susjedi za to pogodniji od onih koji su udaljeni, ali imaju \u017eelju da se uklju\u010de u balkanska pitanja. &#8222;<em>\u0160ta god da vam se dogodi, i mi \u0107emo to osjetiti.&#8220; Pro\u0161lo je vreme kada je Ma\u0111arska bila samo posmatra\u010d de\u0161avanja na Balkanu.<\/em> <em>Odabrali smo politiku razumijevanja i protiv namjera Zapada&#8220;<\/em>, zaklju\u010dio je Magyar.<br>Zbog ovih rije\u010di, \u010dlan Predsjedni\u0161tva BiH \u017deljko Kom\u0161i\u0107 pozvao je na zagovor ma\u0111arskog ambasadora u Sarajevu.<\/p>\n\n\n\n<p><strong>Nestabilno okru\u017eenje privla\u010di samo \u0161pekulante<\/strong><\/p>\n\n\n\n<p>Dok Dodik ubje\u0111uje Srbe da se povuku iz zajedni\u010dkih dr\u017eavnih institucija u Republici Srpskoj, u skladu sa zakonom usvojenim pro\u0161le sedmice, ili prihvate da budu progla\u0161eni nacionalnim izdajicama, Dodikov sin Igor je izjavio da je tokom razgovora sa predstavnicima ameri\u010dke administracije nai\u0161ao na pitanje: &#8222;\u0160<em>ta bi se dogodilo muslimanima da je Tramp zapravo predlo\u017eio ujedinjenje srpskih i hrvatskih teritorija. Ili da se ovom ministarstvu protivi zvani\u010dan razgovor sa Srbijom i Hrvatskom<\/em>?&#8220; kontroverzne izmjene zakona u entitetu, koje ugro\u017eavaju stabilnost cijele Bosne i Hercegovine. O de\u0161avanjima u Bosni i Hercegovini raspravlja\u0107e i poslanici u Beogradu na trodnevnoj vanrednoj sjednici.<\/p>\n","protected":false},"excerpt":{"rendered":"<p>O situaciji u Republici Srpskoj govori\u0107e srpski poslanici, a ministar odbrane BiH otvoreno govori o strahovima od raspada zemlje. Nakon izricanja presude predsjedniku entiteta Republika Srpska Miloradu Dodiku na godinu dana zatvora i \u0161estogodi\u0161nju zabranu politi\u010dkog djelovanja, te posljedi\u010dno pogor\u0161anje situacije u Bosni i Hercegovini, vi\u0161e je otvorenih pitanja nego odgovora. Kako \u0107e se ameri\u010dki&#8230;<\/p>\n","protected":false},"author":2,"featured_media":2954,"comment_status":"closed","ping_status":"open","sticky":false,"template":"","format":"standard","meta":{"footnotes":""},"categories":[2],"tags":[],"class_list":["post-2952","post","type-post","status-publish","format-standard","has-post-thumbnail","hentry","category-analize"],"_links":{"self":[{"href":"https:\/\/feb.si\/me\/wp-json\/wp\/v2\/posts\/2952"}],"collection":[{"href":"https:\/\/feb.si\/me\/wp-json\/wp\/v2\/posts"}],"about":[{"href":"https:\/\/feb.si\/me\/wp-json\/wp\/v2\/types\/post"}],"author":[{"embeddable":true,"href":"https:\/\/feb.si\/me\/wp-json\/wp\/v2\/users\/2"}],"replies":[{"embeddable":true,"href":"https:\/\/feb.si\/me\/wp-json\/wp\/v2\/comments?post=2952"}],"version-history":[{"count":2,"href":"https:\/\/feb.si\/me\/wp-json\/wp\/v2\/posts\/2952\/revisions"}],"predecessor-version":[{"id":2955,"href":"https:\/\/feb.si\/me\/wp-json\/wp\/v2\/posts\/2952\/revisions\/2955"}],"wp:featuredmedia":[{"embeddable":true,"href":"https:\/\/feb.si\/me\/wp-json\/wp\/v2\/media\/2954"}],"wp:attachment":[{"href":"https:\/\/feb.si\/me\/wp-json\/wp\/v2\/media?parent=2952"}],"wp:term":[{"taxonomy":"category","embeddable":true,"href":"https:\/\/feb.si\/me\/wp-json\/wp\/v2\/categories?post=2952"},{"taxonomy":"post_tag","embeddable":true,"href":"https:\/\/feb.si\/me\/wp-json\/wp\/v2\/tags?post=2952"}],"curies":[{"name":"wp","href":"https:\/\/api.w.org\/{rel}","templated":true}]}}